{"id":4560,"date":"2019-02-23T15:56:14","date_gmt":"2019-02-23T15:56:14","guid":{"rendered":"http:\/\/www.fisiveneto.com\/?p=4560"},"modified":"2019-02-23T15:56:14","modified_gmt":"2019-02-23T15:56:14","slug":"freeski-in-coppa-europa-e-di-nuovo-top-ten-per-filippo-levis","status":"publish","type":"post","link":"https:\/\/comitati.fisi.org\/veneto\/blog\/2019\/02\/23\/freeski-in-coppa-europa-e-di-nuovo-top-ten-per-filippo-levis\/","title":{"rendered":"Freeski, in Coppa Europa \u00e8 di nuovo top ten per Filippo Levis"},"content":{"rendered":"\n<p>Un&#8217;altra bella prestazione per Filippo Levis nella Coppa Europa di Freeski. Oggi a De\u0161tn\u00e9 v Orlick\u00fdch hor\u00e1ch (Repubblica Ceca), il portacolori di Valbelluna Freeski &#8211; Slalom Ski ha conquistato il sesto posto nello slopestyle, dopo essere qualificato per la finale con il secondo punteggio. <a href=\"https:\/\/www.fis-ski.com\/DB\/general\/event-details.html?sectorcode=FS&amp;eventid=43264&amp;seasoncode=2019\">Qui<\/a> le classifiche. <\/p>\n","protected":false},"excerpt":{"rendered":"<p>Un&#8217;altra bella prestazione per Filippo Levis nella Coppa Europa di Freeski. Oggi a De\u0161tn\u00e9 v Orlick\u00fdch hor\u00e1ch (Repubblica Ceca), il portacolori di Valbelluna Freeski &#8211; Slalom Ski ha conquistato il sesto posto nello slopestyle, dopo essere qualificato per la finale con il secondo punteggio. Qui le classifiche.<\/p>\n","protected":false},"author":4,"featured_media":4568,"comment_status":"closed","ping_status":"open","sticky":false,"template":"","format":"standard","meta":{"_acf_changed":false,"footnotes":""},"categories":[1],"tags":[],"acf":[],"_links":{"self":[{"href":"https:\/\/comitati.fisi.org\/veneto\/wp-json\/wp\/v2\/posts\/4560"}],"collection":[{"href":"https:\/\/comitati.fisi.org\/veneto\/wp-json\/wp\/v2\/posts"}],"about":[{"href":"https:\/\/comitati.fisi.org\/veneto\/wp-json\/wp\/v2\/types\/post"}],"author":[{"embeddable":true,"href":"https:\/\/comitati.fisi.org\/veneto\/wp-json\/wp\/v2\/users\/4"}],"replies":[{"embeddable":true,"href":"https:\/\/comitati.fisi.org\/veneto\/wp-json\/wp\/v2\/comments?post=4560"}],"version-history":[{"count":0,"href":"https:\/\/comitati.fisi.org\/veneto\/wp-json\/wp\/v2\/posts\/4560\/revisions"}],"wp:featuredmedia":[{"embeddable":true,"href":"https:\/\/comitati.fisi.org\/veneto\/wp-json\/wp\/v2\/media\/4568"}],"wp:attachment":[{"href":"https:\/\/comitati.fisi.org\/veneto\/wp-json\/wp\/v2\/media?parent=4560"}],"wp:term":[{"taxonomy":"category","embeddable":true,"href":"https:\/\/comitati.fisi.org\/veneto\/wp-json\/wp\/v2\/categories?post=4560"},{"taxonomy":"post_tag","embeddable":true,"href":"https:\/\/comitati.fisi.org\/veneto\/wp-json\/wp\/v2\/tags?post=4560"}],"curies":[{"name":"wp","href":"https:\/\/api.w.org\/{rel}","templated":true}]}}