{"id":4556,"date":"2019-02-23T15:48:21","date_gmt":"2019-02-23T15:48:21","guid":{"rendered":"http:\/\/www.fisiveneto.com\/?p=4556"},"modified":"2019-02-23T15:48:21","modified_gmt":"2019-02-23T15:48:21","slug":"pietro-canzio-nella-top-ten-della-combinata-grandissimo-recupero-in-slalom","status":"publish","type":"post","link":"https:\/\/comitati.fisi.org\/veneto\/blog\/2019\/02\/23\/pietro-canzio-nella-top-ten-della-combinata-grandissimo-recupero-in-slalom\/","title":{"rendered":"Pietro Canzio nella top ten della combinata: grandissimo recupero in slalom, da 27. a 9.!"},"content":{"rendered":"\n<p>Dalla diciannovesima alla prima posizione: Tobias Hedstroem compie un capolavoro nello slalom e diventa il nuovo campione mondiale juniores nella combinata maschile. Sulla pista Aloch lo svedese classe 1998 batte di 42 e 45 centesimi i due norvegesi Atle Lie Mcgrath e Lucas Braathen, entrambi di due anni pi\u00f9 piccoli rispetto al rivale e anche loro bravi a rimontare tra i pali stretti. River Radamus, stellina dell&#8217;edizione iridata della Val di Fassa e gi\u00e0 oro in superG, era in testa dopo il superG della mattinata e ha solo sfiorato la seconda medaglia di fila, finendo fuori dal podio per appena 7 centesimi e dovendosi accontentare del quarto posto. Quinto l&#8217;australiano Louis Muhlen-Schulte, sesto un altro norvegese classe 2000, Kaspar Kindem, autore del miglior tempo nello slalom.<\/p>\n\n\n\n<p>L&#8217;Italia ha piazzato un atleta nella top ten: Pietro Canzio ha infatti chiuso nono a 1&#8243;02 da Hedstroem recuperando ben 18 posizioni nello slalom con il terzo tempo di manche. &#8220;Mi dispiace un po&#8217; per il superG, nel quale non sono riuscito ad esprimermi come avrei voluto &#8211; ha detto Canzio &#8211; mentre mi d\u00e0 fiducia questo slalom perch\u00e9 in stagione non ero riuscito a confrontarmi in Coppa Europa nella specialit\u00e0 e non sapevo esattamente dove mi trovavo. Ora so che ho nelle gambe una buona prova e ci prover\u00f2 a tutta&#8221;. Nicol\u00f2 Molteni, che era dodicesimo dopo il superG, si \u00e8 classificato 25esimo provando a limitare i danni tra i pali stretti. Ventisettesimo Samuel Moling, 33esimo Tobias Kastlunger, mentre Matteo Franzoso \u00e8 uscito nella manche di slalom.&nbsp;<\/p>\n\n\n\n<p>Domenica \u00e8 in programma l&#8217;assegnazione di due medaglie femminili: quella del superG cancellato venerd\u00ec, e quella della combinata, che sar\u00e0 assegnata utilizzando lo stesso superG che assegner\u00e0 il titolo di disciplina e lo slalom del pomeriggio. Orari di partenza: le 10 per il superG e le 14 per lo slalom. In gara per l&#8217;Italia: Carlotta Saracco, Sofia Pizzato, Giulia Albano e Teresa Runggaldier.<\/p>\n\n\n\n<p>Ordine d&#8217;arrivo AC maschile Mondiali juniores Val di Fassa (Ita)<br>1 HEDSTROEM Tobias 1998 SWE 1:13.94 50.09 2:04.03&nbsp;<br>2 MCGRATH Atle Lie 2000 NOR 1:13.36 51.09 2:04.45 +0.42&nbsp;<br>3 BRAATHEN Lucas 2000 NOR 1:13.37 51.11 2:04.48 +0.45&nbsp;<br>4 RADAMUS River 1998 USA 1:11.96 52.59 2:04.55 +0.52&nbsp;<br>5 MUHLEN-SCHULTE Louis 1998 AUS 1:13.59 51.28 2:04.87 +0.84&nbsp;<br>6 KINDEM Kaspar 2000 NOR 1:14.85 50.08 2:04.93 +0.90&nbsp;<br>7 LORIOT Florian 1998 FRA 1:13.03 51.96 2:04.99 +0.96&nbsp;<br>8 NEGOMIR Kyle 1998 USA 1:14.20 50.81 2:05.01 +0.98&nbsp;<br><strong>9 CANZIO Pietro 1998 ITA 1:14.67 50.38 2:05.05 +1.02&nbsp;<\/strong><br>10 OPETNIK Moritz 1998 AUT 1:13.77 51.42 2:05.19 +1.16&nbsp;<\/p>\n\n\n\n<p><strong>25 MOLTENI Nicol\u00f2 1998 ITA 1:13.51 54.54 2:08.05 +4.02&nbsp;<\/strong><br><strong>27 MOLING Samuel 1998 ITA 1:15.09 53.00 2:08.09 +4.06&nbsp;<\/strong><br><strong>33 KASTLUNGER Tobias 1999 ITA 1:15.49 53.35 2:08.84 +4.81<br>FRANZOSO Matteo ITA ritirato nella seconda manche<\/strong><\/p>\n\n\n\n<p><a href=\"https:\/\/www.fis-ski.com\/DB\/general\/event-details.html?sectorcode=AL&amp;eventid=42987&amp;seasoncode=2019\">Qui<\/a> il dettaglio.<\/p>\n","protected":false},"excerpt":{"rendered":"<p>Dalla diciannovesima alla prima posizione: Tobias Hedstroem compie un capolavoro nello slalom e diventa il nuovo campione mondiale juniores nella combinata maschile. Sulla pista Aloch lo svedese classe 1998 batte di 42 e 45 centesimi i due norvegesi Atle Lie Mcgrath e Lucas Braathen, entrambi di due anni pi\u00f9 piccoli rispetto al rivale e anche loro bravi a rimontare tra&hellip;<\/p>\n","protected":false},"author":4,"featured_media":4557,"comment_status":"closed","ping_status":"open","sticky":false,"template":"","format":"standard","meta":{"_acf_changed":false,"footnotes":""},"categories":[1],"tags":[],"acf":[],"_links":{"self":[{"href":"https:\/\/comitati.fisi.org\/veneto\/wp-json\/wp\/v2\/posts\/4556"}],"collection":[{"href":"https:\/\/comitati.fisi.org\/veneto\/wp-json\/wp\/v2\/posts"}],"about":[{"href":"https:\/\/comitati.fisi.org\/veneto\/wp-json\/wp\/v2\/types\/post"}],"author":[{"embeddable":true,"href":"https:\/\/comitati.fisi.org\/veneto\/wp-json\/wp\/v2\/users\/4"}],"replies":[{"embeddable":true,"href":"https:\/\/comitati.fisi.org\/veneto\/wp-json\/wp\/v2\/comments?post=4556"}],"version-history":[{"count":0,"href":"https:\/\/comitati.fisi.org\/veneto\/wp-json\/wp\/v2\/posts\/4556\/revisions"}],"wp:featuredmedia":[{"embeddable":true,"href":"https:\/\/comitati.fisi.org\/veneto\/wp-json\/wp\/v2\/media\/4557"}],"wp:attachment":[{"href":"https:\/\/comitati.fisi.org\/veneto\/wp-json\/wp\/v2\/media?parent=4556"}],"wp:term":[{"taxonomy":"category","embeddable":true,"href":"https:\/\/comitati.fisi.org\/veneto\/wp-json\/wp\/v2\/categories?post=4556"},{"taxonomy":"post_tag","embeddable":true,"href":"https:\/\/comitati.fisi.org\/veneto\/wp-json\/wp\/v2\/tags?post=4556"}],"curies":[{"name":"wp","href":"https:\/\/api.w.org\/{rel}","templated":true}]}}