{"id":4516,"date":"2019-02-22T14:58:05","date_gmt":"2019-02-22T14:58:05","guid":{"rendered":"http:\/\/www.fisiveneto.com\/?p=4516"},"modified":"2019-02-22T14:58:05","modified_gmt":"2019-02-22T14:58:05","slug":"alpino-rinviato-il-superg-donne-ai-mondiali-juniores-pietro-canzio-nel-team-evento","status":"publish","type":"post","link":"https:\/\/comitati.fisi.org\/veneto\/blog\/2019\/02\/22\/alpino-rinviato-il-superg-donne-ai-mondiali-juniores-pietro-canzio-nel-team-evento\/","title":{"rendered":"Alpino, rinviato il SuperG donne ai Mondiali Juniores. Pietro Canzio nel Team Evento"},"content":{"rendered":"\n<p>Il forte vento che si \u00e8 alzato nella notte ha impedito stamane la disputa del SuperG femminile dei Campionati Mondiali Juniores in corso di svolgimento in Val di Fassa. Dopo alcuni rinvii, la giuria di gara ha deciso di rinviare l\u2019appuntamento: il titolo iridato della specialit\u00e0 verr\u00e0 assegnato domenica in occasione del superG, valido anche per la combinata alpina femminile. Intanto il calendario dei Mondiali propone per domani la Combinata Alpina maschile, gara che si svolger\u00e0 sulla duplice manche composta dal SuperG in mattinata sulla pista La Volata di Passo San Pellegrino (lo start alle 10) e dalla singola discesa di slalom sulla pista Aloch di Pozza di Fassa prevista alle 14.<br>Il ventaglio dei possibili protagonisti della sfida di domani si presenta particolarmente ampio, partendo dallo svizzero Semyel Bissing, medaglia d\u2019argento nell\u2019edizione del 2018 a Davos per arrivare al ceco Jan Zabystran, quindicesimo pochi giorni fa nella combinata dei Mondiali Senior di Aare.<br>Nel mezzo si inseriscono gli altri elvetici Arnaud Boisset, Matthias Iten ed i due freschi campioni iridati della velocit\u00e0, Lars Roesti &#8211; primattore in discesa &#8211; ed il vincitore del superg River Radamus, oltre all\u2019austriaco Manuel Traninger &#8211; gi\u00e0 bronzo in discesa in Val di Fassa &#8211;\u00a0\u00a0ed i sempre temibili norvegesi Lucas Braathen e Atle Lie McGrath, che tra l\u2019altro tra poche ore saranno leader del team scandinavo nel Team Event in programma a partire dalle 18 sulla Aloch illuminata dalla luce dei riflettori.<br>Saranno sedici le squadre in gara, con un tabellone che partir\u00e0 dunque dagli ottavi e vedr\u00e0 proprio Svizzera e Norvegia come principali favorite. Ma un ruolo importante lo potr\u00e0 interpretare anche il quartetto azzurro che propone una variazione dell\u2019ultima ora con Pietro Canzio a sostituire un febbricitante Matteo Canins; al primo turno gli azzurri si confronteranno con la Finlandia.<br>Le condizioni di salute del badiota Canins potrebbero influire anche sulla combinata di domani: dodici mesi fa a Davos l\u2019azzurrino fu buon nono ed insieme allo stesso Canzio e a Matteo Franzoso rappresenta una delle punte della squadra italiana nella specialit\u00e0; in gara per l\u2019Italia anche Nicol\u00f2 Molteni, Samuel Moling e Tobias Kastlunger. <\/p>\n","protected":false},"excerpt":{"rendered":"<p>Il forte vento che si \u00e8 alzato nella notte ha impedito stamane la disputa del SuperG femminile dei Campionati Mondiali Juniores in corso di svolgimento in Val di Fassa. Dopo alcuni rinvii, la giuria di gara ha deciso di rinviare l\u2019appuntamento: il titolo iridato della specialit\u00e0 verr\u00e0 assegnato domenica in occasione del superG, valido anche per la combinata alpina femminile.&hellip;<\/p>\n","protected":false},"author":4,"featured_media":4449,"comment_status":"closed","ping_status":"open","sticky":false,"template":"","format":"standard","meta":{"_acf_changed":false,"footnotes":""},"categories":[1],"tags":[],"acf":[],"_links":{"self":[{"href":"https:\/\/comitati.fisi.org\/veneto\/wp-json\/wp\/v2\/posts\/4516"}],"collection":[{"href":"https:\/\/comitati.fisi.org\/veneto\/wp-json\/wp\/v2\/posts"}],"about":[{"href":"https:\/\/comitati.fisi.org\/veneto\/wp-json\/wp\/v2\/types\/post"}],"author":[{"embeddable":true,"href":"https:\/\/comitati.fisi.org\/veneto\/wp-json\/wp\/v2\/users\/4"}],"replies":[{"embeddable":true,"href":"https:\/\/comitati.fisi.org\/veneto\/wp-json\/wp\/v2\/comments?post=4516"}],"version-history":[{"count":0,"href":"https:\/\/comitati.fisi.org\/veneto\/wp-json\/wp\/v2\/posts\/4516\/revisions"}],"wp:featuredmedia":[{"embeddable":true,"href":"https:\/\/comitati.fisi.org\/veneto\/wp-json\/wp\/v2\/media\/4449"}],"wp:attachment":[{"href":"https:\/\/comitati.fisi.org\/veneto\/wp-json\/wp\/v2\/media?parent=4516"}],"wp:term":[{"taxonomy":"category","embeddable":true,"href":"https:\/\/comitati.fisi.org\/veneto\/wp-json\/wp\/v2\/categories?post=4516"},{"taxonomy":"post_tag","embeddable":true,"href":"https:\/\/comitati.fisi.org\/veneto\/wp-json\/wp\/v2\/tags?post=4516"}],"curies":[{"name":"wp","href":"https:\/\/api.w.org\/{rel}","templated":true}]}}