{"id":4513,"date":"2019-02-22T10:38:49","date_gmt":"2019-02-22T10:38:49","guid":{"rendered":"http:\/\/www.fisiveneto.com\/?p=4513"},"modified":"2019-02-22T10:38:49","modified_gmt":"2019-02-22T10:38:49","slug":"mondiali-di-seefeld-domani-in-gara-comarella-e-pellegrini","status":"publish","type":"post","link":"https:\/\/comitati.fisi.org\/veneto\/blog\/2019\/02\/22\/mondiali-di-seefeld-domani-in-gara-comarella-e-pellegrini\/","title":{"rendered":"Mondiali di Seefeld, domani in gara Comarella e Pellegrini"},"content":{"rendered":"\n<p>Dopo Lucia Scardoni nella sprint di ieri (dove ha concluso in 25.ma posizione), domani ai Mondiali di Seefeld gareggeranno altre due ragazze venete: si tratta della cortinese Anna Comarella e della zoldana Sara Pellegrini, impegnate nello skiathlon. La gara, che inizier\u00e0 alle 11, vedr\u00e0 al via anche la trentina Caterina Ganz e la valdostana Elisa Brocard. Tra gli uomini (il via alle 12.30), gareggeranno  Simone Dapr\u00e0, Stefano Gardener, Giandomenico Salvadori, Stefan Zelger. Domenica sar\u00e0 la volta della team sprint che vedr\u00e0 Lucia Scardoni gareggiare insieme a Greta Laurent. Tra i maschi invece saranno impegnati Federico Pellegrino e Francesco De Fabiani. <a href=\"https:\/\/www.fis-ski.com\/DB\/general\/event-details.html?sectorcode=CC&amp;eventid=43301&amp;seasoncode=2019\">Qui<\/a> programma e risultati. <\/p>\n","protected":false},"excerpt":{"rendered":"<p>Dopo Lucia Scardoni nella sprint di ieri (dove ha concluso in 25.ma posizione), domani ai Mondiali di Seefeld gareggeranno altre due ragazze venete: si tratta della cortinese Anna Comarella e della zoldana Sara Pellegrini, impegnate nello skiathlon. La gara, che inizier\u00e0 alle 11, vedr\u00e0 al via anche la trentina Caterina Ganz e la valdostana Elisa Brocard. Tra gli uomini (il&hellip;<\/p>\n","protected":false},"author":4,"featured_media":4514,"comment_status":"closed","ping_status":"open","sticky":false,"template":"","format":"standard","meta":{"_acf_changed":false,"footnotes":""},"categories":[1],"tags":[],"acf":[],"_links":{"self":[{"href":"https:\/\/comitati.fisi.org\/veneto\/wp-json\/wp\/v2\/posts\/4513"}],"collection":[{"href":"https:\/\/comitati.fisi.org\/veneto\/wp-json\/wp\/v2\/posts"}],"about":[{"href":"https:\/\/comitati.fisi.org\/veneto\/wp-json\/wp\/v2\/types\/post"}],"author":[{"embeddable":true,"href":"https:\/\/comitati.fisi.org\/veneto\/wp-json\/wp\/v2\/users\/4"}],"replies":[{"embeddable":true,"href":"https:\/\/comitati.fisi.org\/veneto\/wp-json\/wp\/v2\/comments?post=4513"}],"version-history":[{"count":0,"href":"https:\/\/comitati.fisi.org\/veneto\/wp-json\/wp\/v2\/posts\/4513\/revisions"}],"wp:featuredmedia":[{"embeddable":true,"href":"https:\/\/comitati.fisi.org\/veneto\/wp-json\/wp\/v2\/media\/4514"}],"wp:attachment":[{"href":"https:\/\/comitati.fisi.org\/veneto\/wp-json\/wp\/v2\/media?parent=4513"}],"wp:term":[{"taxonomy":"category","embeddable":true,"href":"https:\/\/comitati.fisi.org\/veneto\/wp-json\/wp\/v2\/categories?post=4513"},{"taxonomy":"post_tag","embeddable":true,"href":"https:\/\/comitati.fisi.org\/veneto\/wp-json\/wp\/v2\/tags?post=4513"}],"curies":[{"name":"wp","href":"https:\/\/api.w.org\/{rel}","templated":true}]}}