{"id":4488,"date":"2019-02-21T15:16:44","date_gmt":"2019-02-21T15:16:44","guid":{"rendered":"http:\/\/www.fisiveneto.com\/?p=4488"},"modified":"2019-02-21T15:16:44","modified_gmt":"2019-02-21T15:16:44","slug":"nel-giorno-dellargento-di-chicco-pellegrino-brava-lucia-scardoni-nella-sprint-di-seefeld","status":"publish","type":"post","link":"https:\/\/comitati.fisi.org\/veneto\/blog\/2019\/02\/21\/nel-giorno-dellargento-di-chicco-pellegrino-brava-lucia-scardoni-nella-sprint-di-seefeld\/","title":{"rendered":"Nel giorno dell&#8217;argento di Chicco Pellegrino, brava Lucia Scardoni nella sprint di Seefeld"},"content":{"rendered":"\n<p>Nel giorno della medaglia d&#8217;argento di Federico Pellegrino ai Mondiali di Seefeld, brava Lucia Scardoni nella sprint mondiale: la veronese si \u00e8 qualificata con il 29.mo tempo, poi si \u00e8 arresa ai quarti (quinta), bravissima&nbsp;<a href=\"https:\/\/www.facebook.com\/lucia.scardoni?__tn__=K-R&amp;eid=ARCmlcGZz8QENmTS7DfM4_wTTY_4jGTqMd5tJjcOeV5Ax0TT-Tf-C-32VX8RXFCC2d06Nxi_5HQFqr-R&amp;fref=mentions&amp;__xts__%5B0%5D=68.ARAFeduH0KgI1IxuMfNW22_gbNIMmjRRL07JobLK6_UZDEdXBvS_RUmrkDV6ri3ThsTah2hK2UA1bgF1f89y0ZY16N5DJfxdsAnXg8p1i0iusVZ922nuP5yBoY-03mLwxbhc0_k73FGsitYHT_XjgwwRZMkTwkXvNfuAOZA9aL29JfoYoiaoCMczrjt9wEmEKUj_eN0uxWbHtlp-IEDx_c-gRTaAFcG6ME5Tkmt1sRyf6oztdikq5C2KkWo-eyZ0C7jZAoh6uw1UO8XFlu43RGzLfbEP3oXa3Kt2L-HMhxt8hz1M7iDRMPmMx1_8Gj-tLlKmAYwdX1QpUf8faHcOPwKAfg\">Lucia Scardoni<\/a>! 29.ma in batteria, poi si arrende ai quarti, arrivando alla fine 25.ma.  <br>&#8220;Non \u00e8 che sono tanto soddisfatta, anche vedendo quello che avevo fatto la settimana scorsa, ma si sa che a un Mondiale cercano di vincere tutte la medaglia ed \u00e8 anche pi\u00f9 difficile&#8221; dice Lucia. &#8220;Ho fatto abbastanza fatica soprattutto di gambe, pi\u00f9 di cosi non riuscivo a fare, adesso mi concentrer\u00f2 sulle prossime gare e cercher\u00f2 di andare a tutta. Speravo meglio, ma vengo da due weekend di gare, magari ho sentito un po&#8217; di pi\u00f9 la stanchezza&#8221;. <\/p>\n\n\n\n<p><a href=\"https:\/\/www.fis-ski.com\/DB\/general\/results.html?sectorcode=CC&amp;raceid=32125\">Qui<\/a> i risultati. <\/p>\n","protected":false},"excerpt":{"rendered":"<p>Nel giorno della medaglia d&#8217;argento di Federico Pellegrino ai Mondiali di Seefeld, brava Lucia Scardoni nella sprint mondiale: la veronese si \u00e8 qualificata con il 29.mo tempo, poi si \u00e8 arresa ai quarti (quinta), bravissima&nbsp;Lucia Scardoni! 29.ma in batteria, poi si arrende ai quarti, arrivando alla fine 25.ma. &#8220;Non \u00e8 che sono tanto soddisfatta, anche vedendo quello che avevo fatto&hellip;<\/p>\n","protected":false},"author":4,"featured_media":4427,"comment_status":"closed","ping_status":"open","sticky":false,"template":"","format":"standard","meta":{"_acf_changed":false,"footnotes":""},"categories":[9,135,422],"tags":[203,412],"acf":[],"_links":{"self":[{"href":"https:\/\/comitati.fisi.org\/veneto\/wp-json\/wp\/v2\/posts\/4488"}],"collection":[{"href":"https:\/\/comitati.fisi.org\/veneto\/wp-json\/wp\/v2\/posts"}],"about":[{"href":"https:\/\/comitati.fisi.org\/veneto\/wp-json\/wp\/v2\/types\/post"}],"author":[{"embeddable":true,"href":"https:\/\/comitati.fisi.org\/veneto\/wp-json\/wp\/v2\/users\/4"}],"replies":[{"embeddable":true,"href":"https:\/\/comitati.fisi.org\/veneto\/wp-json\/wp\/v2\/comments?post=4488"}],"version-history":[{"count":0,"href":"https:\/\/comitati.fisi.org\/veneto\/wp-json\/wp\/v2\/posts\/4488\/revisions"}],"wp:featuredmedia":[{"embeddable":true,"href":"https:\/\/comitati.fisi.org\/veneto\/wp-json\/wp\/v2\/media\/4427"}],"wp:attachment":[{"href":"https:\/\/comitati.fisi.org\/veneto\/wp-json\/wp\/v2\/media?parent=4488"}],"wp:term":[{"taxonomy":"category","embeddable":true,"href":"https:\/\/comitati.fisi.org\/veneto\/wp-json\/wp\/v2\/categories?post=4488"},{"taxonomy":"post_tag","embeddable":true,"href":"https:\/\/comitati.fisi.org\/veneto\/wp-json\/wp\/v2\/tags?post=4488"}],"curies":[{"name":"wp","href":"https:\/\/api.w.org\/{rel}","templated":true}]}}