{"id":4407,"date":"2019-02-18T15:11:31","date_gmt":"2019-02-18T15:11:31","guid":{"rendered":"http:\/\/www.fisiveneto.com\/?p=4407"},"modified":"2019-02-18T15:11:31","modified_gmt":"2019-02-18T15:11:31","slug":"pietro-canzio-10-mo-nella-prima-prova-cronometrata-della-discesa-dei-mondiali-juniores","status":"publish","type":"post","link":"https:\/\/comitati.fisi.org\/veneto\/blog\/2019\/02\/18\/pietro-canzio-10-mo-nella-prima-prova-cronometrata-della-discesa-dei-mondiali-juniores\/","title":{"rendered":"Pietro Canzio 10.mo nella prima prova cronometrata della discesa dei Mondiali Juniores. Domani in gigante garegger\u00e0 Sofia Pizzato"},"content":{"rendered":"\n<p>Si sono aperti con le prove della discesa libera maschile i Mondiali Junior di sci alpino Val di Fassa 2019, che domani assegneranno le prime medaglie, quelle dello slalom gigante femminile.<br>I primi ad aprire il cancelletto, intanto, sono stati i velocisti maschi, che hanno preso le misure alla pista La VolatA di Passo San Pellegrino, dove mercoled\u00ec si giocheranno il titolo iridato della discesa. Il pi\u00f9 veloce nella prima prova cronometrata \u00e8 stato Manuel Traninger, recente secondo nella discesa di Coppa Europa disputata a Chamonix il 29 gennaio. Il classe 1998 austriaco ha fermato il cronometro sul tempo di 1\u201920\u201d34, precedendo di 10 centesimi lo svizzero Lars Roesti e di 19 centesimi il connazionale e pari et\u00e0 Julia Schuetter.<br>Buone indicazioni sono arrivate anche per la squadra italiana, che ha piazzato tre propri atleti nella top 10. Il migliore \u00e8 stato il ventenne comasco Nicol\u00f2 Molteni, settimo a 1\u201d06 da Traninger, con il classe 1999 Matteo Franzoso nono a 1\u201d20 e il triestino Pietro Canzio decimo a 1\u201d26. L\u2019altoatesino Hugo Mittermair, che ha sostituito all\u2019ultimo l\u2019infortunato Matteo Pradal, ha chiuso 24\u00b0 a 2\u201d15, seguito da Matteo Canins (36\u00b0 a 2\u201d74), Tobias Kastlunger (47\u00b0 a 3\u201d83) e da Samuel Moling (52\u00b0 a 4\u201d28).<br>Domani i maschi torneranno in pista per la seconda prova cronometrata, mentre sulla pista Aloch di Pozza di Fassa verr\u00e0 assegnato il primo degli undici titoli in palio. A giocarselo saranno le specialiste al femminile delle porte larghe, impegnate in slalom gigante, con prima manche alle ore 9,30 e seconda manche alle 12,30.<br>Tra le attese protagoniste ci sar\u00e0 anche la campionessa del mondo in carica, l\u2019austriaca Julia Scheib, che dovr\u00e0 per\u00f2 vedersela con un lotto di avversarie di assoluto spessore. Uno dei nomi pi\u00f9 gettonati \u00e8 quello della giovanissima neozelandese Alice Robinson, diciassettenne che a inizio febbraio ha colto un successo e un secondo posto nelle due gare di slalom gigante di Coppa Europa disputate a Berchtesgaden. Assieme a lei, che potr\u00e0 contare anche sulla tracciatura del proprio allenatore, tra le pi\u00f9 temute ci saranno le forti svizzere (tra cui Camille Rast) e norvegesi, queste ultime guidate da&nbsp;Kaja Norbye, che in stagione vanta tre vittorie e tre secondi posti in Coppa Europa tra gigante e slalom.<br>L\u2019Italia schierer\u00e0 al cancelletto di partenza cinque atlete. Le punte saranno Lara Della Mea, fresca di conquista della medaglia di bronzo ai Mondiali assoluti di Are nel team event, ed Elena Sandulli, che in stagione vanta sette piazzamenti nelle 30 in gigante in Coppa Europa, con l\u2019undicesimo posto centrato ad Andalo il 14 dicembre scorso come miglior risultato. Il quintetto azzurro sar\u00e0 completato dalla piemontese Carlotta Saracco, dalla padovana Sofia Pizzato e da Marta Rossetti, atleta cresciuta nella squadra del Comitato Trentino e ora in forza alle Fiamme Oro.<br>\u00abNon puntiamo solo a buon piazzamento, partiamo con ambizioni anche di medaglia \u2013 spiega il coordinatore del gruppo femminile di Coppa Europa Alexander Prosch &#8211; Abbiamo cinque buone atlete e ognuna giocher\u00e0 le proprie carte. La pi\u00f9 gettonata \u00e8 sicuramente Lara Della Mea: in gigante non ha il passo che ha in slalom, ma pu\u00f2 tenere il passo delle migliori. Mi aspetto una bella prova anche da Elena Sandulli, che avr\u00e0 un buon pettorale e ha gi\u00e0 dimostrato di avere le carte in regola per puntare a un risultato di peso. Saracco e Pizzato sono le due atlete del team che faranno pi\u00f9 gare, per loro sarebbe importante centrare un bel piazzamento. Marta Rossetti, infine, prender\u00e0 il via principalmente per rompere il ghiaccio e cercare il ritmo gara in vista dello slalom, che \u00e8 la sua disciplina\u00bb.<br>La parola ora spetter\u00e0 al cronometro e alla pista. Alle ore 18, intanto, in Piazza Marconi a Canazei si terr\u00e0 la cerimonia d\u2019apertura, uno dei momenti pi\u00f9 spettacolari della rassegna iridata.<\/p>\n\n\n\n<h2 class=\"wp-block-heading\"><strong>Discesa, gigante e slalom maschile in diretta Tv<\/strong><br><strong>su Eurosport, Rai Sport, Orf, NBC, CBC e altre emittenti<\/strong><\/h2>\n\n\n\n<p>I Campionati Mondiali Junior Val di Fassa 2019 avranno un\u2019importante copertura televisiva con tre dirette che verranno trasmesse su alcune delle emittenti pi\u00f9 importanti al mondo, grazie ad Infront Sport &amp; Media. Inoltre ogni giorno sono previsti degli highlights di tutte undici gare in programma.<br>Le tre competizioni che godranno del live, con la regia curata dal trentino Sandro de Manincor (che cura gli eventi di Coppa del Mondo), sono la discesa libera maschile di mercoled\u00ec 20 febbraio sulla pista La VolatA, il gigante maschile di luned\u00ec 25 febbraio sulla pista Aloch e lo slalom speciale maschile di marted\u00ec 26 febbraio, sempre sulla pista Aloch. Le emittenti che trasmetteranno gli eventi sono Eurosport (Europa, Asia e Pacifico), Rai Sport (Italia), Orf (Austria), NBC (Stati Uniti), CBC (Canada), Circuito Poverknost (Lettonia, Lituania, Estonia, Ucraina). Ed ancora in streaming sulla piattaforma Olympic Channel (www.olympicchannel.com). Rai sar\u00e0 presente nei giorni di gara anche con l\u2019inviato Gianfranco Benincasa che racconter\u00e0 il cammino dei Mondiali Val di Fassa 2019 tutti i giorni nei notiziari nazionali e locali. Inoltre a fine evento verr\u00e0 realizzato un magazine speciale di 30 minuti che verr\u00e0 distribuito a tutti i broadacaster.<br>Ecco nel dettaglio la programmazione:<br><strong>Mercoled\u00ec 20 febbraio:<\/strong>&nbsp;Dalle ore 11 discesa libera maschile<br><strong>Luned\u00ec 25 febbraio:<\/strong>&nbsp;Ore 9.30 prima manche \u2013 ore 12.30 seconda manche<br><strong>Marted\u00ec 26 febbraio:<\/strong>&nbsp;Ore 9.30 prima manche \u2013 ore 12.30 seconda manche<\/p>\n\n\n\n<p><a href=\"https:\/\/www.fis-ski.com\/DB\/general\/event-details.html?sectorcode=AL&amp;eventid=42987&amp;seasoncode=2019\">Qui<\/a> il dettaglio della classifica della prova di oggi. <\/p>\n","protected":false},"excerpt":{"rendered":"<p>Si sono aperti con le prove della discesa libera maschile i Mondiali Junior di sci alpino Val di Fassa 2019, che domani assegneranno le prime medaglie, quelle dello slalom gigante femminile.I primi ad aprire il cancelletto, intanto, sono stati i velocisti maschi, che hanno preso le misure alla pista La VolatA di Passo San Pellegrino, dove mercoled\u00ec si giocheranno il&hellip;<\/p>\n","protected":false},"author":4,"featured_media":4413,"comment_status":"closed","ping_status":"open","sticky":false,"template":"","format":"standard","meta":{"_acf_changed":false,"footnotes":""},"categories":[1],"tags":[],"acf":[],"_links":{"self":[{"href":"https:\/\/comitati.fisi.org\/veneto\/wp-json\/wp\/v2\/posts\/4407"}],"collection":[{"href":"https:\/\/comitati.fisi.org\/veneto\/wp-json\/wp\/v2\/posts"}],"about":[{"href":"https:\/\/comitati.fisi.org\/veneto\/wp-json\/wp\/v2\/types\/post"}],"author":[{"embeddable":true,"href":"https:\/\/comitati.fisi.org\/veneto\/wp-json\/wp\/v2\/users\/4"}],"replies":[{"embeddable":true,"href":"https:\/\/comitati.fisi.org\/veneto\/wp-json\/wp\/v2\/comments?post=4407"}],"version-history":[{"count":0,"href":"https:\/\/comitati.fisi.org\/veneto\/wp-json\/wp\/v2\/posts\/4407\/revisions"}],"wp:featuredmedia":[{"embeddable":true,"href":"https:\/\/comitati.fisi.org\/veneto\/wp-json\/wp\/v2\/media\/4413"}],"wp:attachment":[{"href":"https:\/\/comitati.fisi.org\/veneto\/wp-json\/wp\/v2\/media?parent=4407"}],"wp:term":[{"taxonomy":"category","embeddable":true,"href":"https:\/\/comitati.fisi.org\/veneto\/wp-json\/wp\/v2\/categories?post=4407"},{"taxonomy":"post_tag","embeddable":true,"href":"https:\/\/comitati.fisi.org\/veneto\/wp-json\/wp\/v2\/tags?post=4407"}],"curies":[{"name":"wp","href":"https:\/\/api.w.org\/{rel}","templated":true}]}}