{"id":4313,"date":"2019-02-17T19:58:55","date_gmt":"2019-02-17T19:58:55","guid":{"rendered":"http:\/\/www.fisiveneto.com\/?p=4313"},"modified":"2019-02-17T19:58:55","modified_gmt":"2019-02-17T19:58:55","slug":"domani-la-cerimonia-inaugurale-dei-mondiali-juniores-della-val-di-fassa-le-aspettative-di-sofia-pizzato","status":"publish","type":"post","link":"https:\/\/comitati.fisi.org\/veneto\/blog\/2019\/02\/17\/domani-la-cerimonia-inaugurale-dei-mondiali-juniores-della-val-di-fassa-le-aspettative-di-sofia-pizzato\/","title":{"rendered":"Domani la cerimonia inaugurale dei Mondiali Juniores della Val di Fassa. Le aspettative di Sofia Pizzato"},"content":{"rendered":"\n<p>  <br>Lara Della Mea \u00e8 senza dubbio la leader tecnica della squadra azzurra femminile che prender\u00e0 parte dal 18 al 27 febbraio ai Campionati Mondiali Juniores della Val di Fassa. Dopo aver contribuito al bronzo azzurro nel Team Event dei Mondiali Assoluti di Aare, oggi la friulana non \u00e8 riuscita a portare a termine lo slalom iridato, dopo aver meritato la qualificazione alla seconda manche. Ma la sua prima esperienza &#8220;tra le grandi&#8221; \u00e8 stata assolutamente positiva ed ora pu\u00f2 concentrarsi sulla rassegna under 21 in Val di Fassa che raggiunger\u00e0 direttamente dalla Svezia.<br>Otto ragazze azzurre che proveranno a regalarsi e a regalare all&#8217;Italsci momenti da ricordare nelle sei gare in cui saranno coinvolte, le cinque individuali (gigante, slalom, combinata alpina, superG e discesa) ed il Team Event, la prova a squadre in programma venerd\u00ec 22 in notturna.<br>Anita Gulli, Sofia Pizzato, Elena Sandulli, Marta Rossetti, Teresa Runggaldier, Carlotta Saracco, Giulia Albano e la stessa Della Mea: \u00e8 questo l&#8217;ottovolante al femminile selezionato dai tecnici federali.<br>La gardenese Teresa Runggaldier ha gi\u00e0 avuto modo di prendere confidenza con le medaglie iridate: il padre Peter &#8211; eccellente discesista degli anni &#8217;90 &#8211; fu bronzo in superG ai Mondiali Juniores di Bad Kleinkirchheim, trentatr\u00e8 anni or sono e proprio nelle discipline veloci potr\u00e0 dire la sua. Garegger\u00e0 per certi versi in casa Marta Rossetti, nata e cresciuta sulle sponde bresciane del Garda ma sciisticamente adottata dal Comitato FISI Trentino per la lunga militanza nell&#8217;Agonistica Campiglio che spesso e volentieri l&#8217;ha portata a misurarsi con la pista Aloch di Pozza di Fassa, il palcoscenico delle discipline tecnica ai Mondiali Juniores della Val di Fassa.<br>&#8220;La pista la conosco, anche se le ultime modifiche, specie per il tracciato di gigante, saranno una novit\u00e0 &#8211; racconta la portacolori delle Fiamme Oro &#8211;\u00a0 Speravo in una convocazione ma non ne avevo la certezza: per me sar\u00e0 un&#8217;esperienza importante in cui dovr\u00f2 riuscire a dare il meglio di me stessa nel momento opportuno. Una bella sfida ma sono convinta che l&#8217;atmosfera che si respirer\u00e0 durante la rassegna iridata sar\u00e0 di stimolo per tutte noi&#8221;.<br>Prima di raggiungere la Val di Fassa, alcune azzurrine si sono misurate nella tappa di Coppa Europa di Crans Montana ed \u00e8 il caso della stessa Runggaldier, di Giulia Albano e di Sofia Pizzato. <\/p>\n\n\n\n<p>&#8220;Mi piacerebbe fare bene in velocit\u00e0, ma non solo &#8211; racconta quest&#8217;ultima, padovana portacolori del Centro Sportivo Esercito. Tornare ad un Mondiale Juniores dopo l&#8217;esperienza di due anni fa ad Aare \u00e8 importante e spero di giocare al meglio le mie carte. La VolatA \u00e8 una pista davvero interessante, varia e dinamica che concede spazio sia alla tecnica che alla scorrevolezza, credo sia un teatro ottimale per una rassegna cos\u00ec importante e sono curiosa di vedere l&#8217;effetto che fa inseguire un risultato prestigioso sulle nevi di casa&#8221;.  <br>Proprio la possibilit\u00e0 di correre in Italia stimola Camilla Saracco, cuneese di Limone Piemonte a sua volta tesserata per il Cs Esercito e rientrata in questa stagione dopo un infortunio.<br>&#8220;Piste e preparazione di qualit\u00e0 italiana, cibo italiano, pubblico amico: le condizioni sono ideali perch\u00e8 i Mondiali Juniores di Val di Fassa siano esaltanti. Per quanto mi riguarda punto a fare bene nella velocit\u00e0 e non solo; spero di godermi appieno questi miei primi mondiali juniores e di reggere a dovere la scena&#8221;.<br>Il programma delle gare femminili vede come prima prova il gigante sull&#8217;Aloch di Pozza di Fassa (marted\u00ec 19), seguito il giorno successivo dallo slalom speciale sul medesimo pendio. Le ragazze quindi si trasferiranno a Passo San Pellegrino su La VolatA che il 22 febbraio ospiter\u00e0 il superG mentre domenica 24 \u00e8 in programma la combinata alpina, con superG (su La VolatA) seguito dalla manche di slalom sull&#8217;Aloch. L&#8217;ultima medaglia in palio sar\u00e0 quella di discesa, appuntamento finale dei Campionati Mondiali Juniores della Val di Fassa mercoled\u00ec 27 febbraio. <\/p>\n","protected":false},"excerpt":{"rendered":"<p>Lara Della Mea \u00e8 senza dubbio la leader tecnica della squadra azzurra femminile che prender\u00e0 parte dal 18 al 27 febbraio ai Campionati Mondiali Juniores della Val di Fassa. Dopo aver contribuito al bronzo azzurro nel Team Event dei Mondiali Assoluti di Aare, oggi la friulana non \u00e8 riuscita a portare a termine lo slalom iridato, dopo aver meritato la&hellip;<\/p>\n","protected":false},"author":4,"featured_media":3769,"comment_status":"closed","ping_status":"open","sticky":false,"template":"","format":"standard","meta":{"_acf_changed":false,"footnotes":""},"categories":[1],"tags":[],"acf":[],"_links":{"self":[{"href":"https:\/\/comitati.fisi.org\/veneto\/wp-json\/wp\/v2\/posts\/4313"}],"collection":[{"href":"https:\/\/comitati.fisi.org\/veneto\/wp-json\/wp\/v2\/posts"}],"about":[{"href":"https:\/\/comitati.fisi.org\/veneto\/wp-json\/wp\/v2\/types\/post"}],"author":[{"embeddable":true,"href":"https:\/\/comitati.fisi.org\/veneto\/wp-json\/wp\/v2\/users\/4"}],"replies":[{"embeddable":true,"href":"https:\/\/comitati.fisi.org\/veneto\/wp-json\/wp\/v2\/comments?post=4313"}],"version-history":[{"count":0,"href":"https:\/\/comitati.fisi.org\/veneto\/wp-json\/wp\/v2\/posts\/4313\/revisions"}],"wp:featuredmedia":[{"embeddable":true,"href":"https:\/\/comitati.fisi.org\/veneto\/wp-json\/wp\/v2\/media\/3769"}],"wp:attachment":[{"href":"https:\/\/comitati.fisi.org\/veneto\/wp-json\/wp\/v2\/media?parent=4313"}],"wp:term":[{"taxonomy":"category","embeddable":true,"href":"https:\/\/comitati.fisi.org\/veneto\/wp-json\/wp\/v2\/categories?post=4313"},{"taxonomy":"post_tag","embeddable":true,"href":"https:\/\/comitati.fisi.org\/veneto\/wp-json\/wp\/v2\/tags?post=4313"}],"curies":[{"name":"wp","href":"https:\/\/api.w.org\/{rel}","templated":true}]}}