{"id":4277,"date":"2019-02-17T16:33:51","date_gmt":"2019-02-17T16:33:51","guid":{"rendered":"http:\/\/www.fisiveneto.com\/?p=4277"},"modified":"2019-02-17T16:33:51","modified_gmt":"2019-02-17T16:33:51","slug":"cortina-2021-oggi-ad-are-il-passaggio-della-bandiera-della-fis-dalla-svezia-allitalia-per-i-mondiali-in-ampezzo","status":"publish","type":"post","link":"https:\/\/comitati.fisi.org\/veneto\/blog\/2019\/02\/17\/cortina-2021-oggi-ad-are-il-passaggio-della-bandiera-della-fis-dalla-svezia-allitalia-per-i-mondiali-in-ampezzo\/","title":{"rendered":"Cortina 2021, oggi ad \u00c5re il passaggio della bandiera della Fis dalla Svezia all&#8217;Italia per i Mondiali in Ampezzo!"},"content":{"rendered":"\n<p>Il\npassaggio del testimone \u00e8 avvenuto: per Cortina l\u2019avventura\nmondiale parte dalla Svezia.\nNel corso della cerimonia di chiusura della 45\u00aa edizione dei\nCampionati del mondo di sci alpino che si sono svolti ad \u00c5re,\ninfatti, c\u2019\u00e8 stato oggi il <strong>simbolico\npassaggio della bandiera<\/strong>\ndella Federazione Internazionale dello Sci dalle mani degli\norganizzatori svedesi ad <strong>Alessandro\nBenetton<\/strong>,\ncapodelegazione azzurro e Presidente della <strong>Fondazione\nCortina 2021<\/strong>,\ncomitato organizzatore della rassegna iridata in programma fra 2 anni\nin Italia, a Cortina d\u2019Ampezzo, dall\u20198 al 21 febbraio 2021.<\/p>\n\n\n\n<p>Un\natto formale che segna l&#8217;avvio ufficiale del percorso organizzativo\nche porter\u00e0 Cortina ad ospitare il pi\u00f9 importante evento sportivo\ndei prossimi anni nel nostro Paese con oltre <strong>oltre\n600 atleti da 70 nazioni<\/strong>,\npronti ad aggiudicarsi i <strong>13\ntitoli mondiali<\/strong> in\npalio.<\/p>\n\n\n\n<p>Nel\nricevere la bandiera, <strong>Alessandro\nBenetton<\/strong>\nha voluto cos\u00ec salutare il Comitato organizzatore di \u00c5re 2019 e gli\natleti: <em>\u201c\u00c8\nper me un onore essere qui oggi a ricevere il testimone\ndell\u2019organizzazione dei prossimi&nbsp;FIS&nbsp;Alpine World Ski\nChampionships. Abbiamo ancora tutti negli occhi un momento che\npasser\u00e0 alla storia e che ha caratterizzato queste giornate:\nl&#8217;abbraccio e il tributo della leggenda Ingemar Stenmark alla\ncampionessa Lindsey Vonn che, con il suo bronzo nella gara di discesa\nlibera, ha deciso di concludere proprio qui una straordinaria\ncarriera che l&#8217;ha vista tanto legata a Cortina, dove ha trionfato\nnumerose volte. Stenmark e Vonn sono tra gli esempi pi\u00f9 belli dello\nsci a livello mondiale: 2 talenti di due generazioni diverse che ci\nhanno emozionato e a cui va tutta la nostra ammirazione.<\/em>\n<em>I\ncampionati di \u00c5re ci hanno dimostrato ancora una volta quanto lo\nsport possa entusiasmare, quanto stia crescendo in tutto il mondo la\npassione per lo sci e quanto siano seguiti i grandi eventi sulle\ndiverse piattaforme mediatiche, non solo in tv. Parliamo di\nfantastiche opportunit\u00e0 di visibilit\u00e0 e comunicazione per i\nterritori che li ospitano e per l&#8217;economia delle aree di\nmontagna.&nbsp;Siamo perci\u00f2 consapevoli di ricevere una\nstraordinaria eredit\u00e0 di cui avvertiamo tutta la responsabilit\u00e0.\nVorremmo che il nostro Mondiale potesse davvero ispirare le future\ngenerazioni, nell\u2019ambito sportivo ma anche in quello\ndell\u2019innovazione e della cura dell\u2019ambiente naturale, perch\u00e9 la\nlegacy che ci lasciamo dietro \u00e8 parte integrante del progetto. Ci\naspetta un viaggio ricco di sfide che vogliamo vivere con impegno e\ngrande entusiasmo\u201d.<\/em><\/p>\n\n\n\n<p>Con\nBenetton alla cerimonia, anche il <strong>sindaco\ndi Cortina d\u2019Ampezzo, Gianpietro Ghedina<\/strong>\nche ha cos\u00ec commentato: <em>\u201cEssere\nqui in questi giorni \u00e8 stata un\u2019esperienza molto importante per\nacquisire sul campo il know-how necessario per pianificare e gestire\nal meglio i prossimi campionati che si disputeranno sulle nostre\nDolomiti patrimonio dell\u2019Umanit\u00e0. Siamo stati accolti con grande\ncordialit\u00e0 e amicizia e agli svedesi va perci\u00f2 il nostro grazie.\nInizia ora il vero conto alla rovescia di un percorso che ci vedr\u00e0\nimpegnati quotidianamente insieme a Fondazione per farci trovare\npronti e per vincere la grande sfida di un evento che promuove il\nnome e le bellezze di Cortina in tutto il mondo\u201d.<\/em><\/p>\n\n\n\n<p>Ad\n\u00c5re, Fondazione Cortina 2021 \u00e8 stata presente con un ampio gruppo\ndi lavoro composto da rappresentanti di tutte le aree \u2013 che ha\naffiancato il Comitato organizzatore di \u00c5re 2019, dando un supporto\nconcreto e mettendo cos\u00ec in campo uno <strong>scambio\ndi expertise<\/strong>\nper la gestione del grande evento; l\u2019obiettivo \u00e8 stato quello di\nsupportare e imparare il pi\u00f9 possibile per far s\u00ec che i prossimi\nCampionati del Mondo possano far registrare livelli ancora pi\u00f9 alti\nper <strong>qualit\u00e0,\nsicurezza e competenze tecniche.<\/strong><\/p>\n\n\n\n<p>Inizia cos\u00ec ufficialmente il countdown verso i Campionati del Mondo di Sci alpino di Cortina 2021: la bandiera della FIS giunger\u00e0 a Cortina e sar\u00e0 festeggiata nel corso dei prossimi <strong>Campionati Italiani Assoluti <\/strong>di Sci alpino in programma nella Regina delle Dolomiti dal <strong>18 al 23 marzo <\/strong>prossimo. Un\u2019occasione imperdibile durante la quale saranno inaugurate, insieme agli atleti azzurri, le <strong>piste Vertigine e Drusci\u00e9 A<\/strong>, dove si svolgeranno le gare dei Campionati del mondo nel 2021.<\/p>\n\n\n\n<ul class=\"wp-block-gallery columns-3 is-cropped wp-block-gallery-1 is-layout-flex wp-block-gallery-is-layout-flex\"><li class=\"blocks-gallery-item\"><figure><img loading=\"lazy\" decoding=\"async\" width=\"785\" height=\"1024\" src=\"http:\/\/www.fisiveneto.com\/wp-content\/uploads\/2019\/02\/Cortina-2021_Alessandro-Benetton-785x1024.jpg\" alt=\"\" data-id=\"4279\" data-link=\"http:\/\/www.fisiveneto.com\/?attachment_id=4279\" class=\"wp-image-4279\" srcset=\"https:\/\/comitati.fisi.org\/veneto\/wp-content\/uploads\/sites\/39\/2019\/02\/Cortina-2021_Alessandro-Benetton-785x1024.jpg 785w, https:\/\/comitati.fisi.org\/veneto\/wp-content\/uploads\/sites\/39\/2019\/02\/Cortina-2021_Alessandro-Benetton-230x300.jpg 230w, https:\/\/comitati.fisi.org\/veneto\/wp-content\/uploads\/sites\/39\/2019\/02\/Cortina-2021_Alessandro-Benetton-768x1002.jpg 768w, https:\/\/comitati.fisi.org\/veneto\/wp-content\/uploads\/sites\/39\/2019\/02\/Cortina-2021_Alessandro-Benetton-1177x1536.jpg 1177w, https:\/\/comitati.fisi.org\/veneto\/wp-content\/uploads\/sites\/39\/2019\/02\/Cortina-2021_Alessandro-Benetton.jpg 1289w\" sizes=\"(max-width: 785px) 100vw, 785px\" \/><figcaption>Fis Alpine Ski World Championships 2019.  Closing Ceremony , Road to Cortina 2021\nAre (SWE), 17 Febbraio 2019.\nPhoto: Gio Auletta \/ Pentaphoto<\/figcaption><\/figure><\/li><li class=\"blocks-gallery-item\"><figure><img loading=\"lazy\" decoding=\"async\" width=\"1024\" height=\"635\" src=\"http:\/\/www.fisiveneto.com\/wp-content\/uploads\/2019\/02\/Cortina-2021_Alessandro-Benetton_-1-1024x635.jpg\" alt=\"\" data-id=\"4280\" data-link=\"http:\/\/www.fisiveneto.com\/?attachment_id=4280\" class=\"wp-image-4280\" srcset=\"https:\/\/comitati.fisi.org\/veneto\/wp-content\/uploads\/sites\/39\/2019\/02\/Cortina-2021_Alessandro-Benetton_-1-1024x635.jpg 1024w, https:\/\/comitati.fisi.org\/veneto\/wp-content\/uploads\/sites\/39\/2019\/02\/Cortina-2021_Alessandro-Benetton_-1-300x186.jpg 300w, https:\/\/comitati.fisi.org\/veneto\/wp-content\/uploads\/sites\/39\/2019\/02\/Cortina-2021_Alessandro-Benetton_-1-768x476.jpg 768w, https:\/\/comitati.fisi.org\/veneto\/wp-content\/uploads\/sites\/39\/2019\/02\/Cortina-2021_Alessandro-Benetton_-1-1536x953.jpg 1536w, https:\/\/comitati.fisi.org\/veneto\/wp-content\/uploads\/sites\/39\/2019\/02\/Cortina-2021_Alessandro-Benetton_-1.jpg 1781w\" sizes=\"(max-width: 1024px) 100vw, 1024px\" \/><figcaption>Fis Alpine Ski World Championships 2019.  Closing Ceremony , Road to Cortina 2021\nAre (SWE), 17 Febbraio 2019.\nPhoto: Gio Auletta \/ Pentaphoto<\/figcaption><\/figure><\/li><li class=\"blocks-gallery-item\"><figure><img loading=\"lazy\" decoding=\"async\" width=\"750\" height=\"410\" src=\"http:\/\/comitati.fisi.org\/veneto\/wp-content\/uploads\/sites\/39\/2019\/02\/Cortina-2021_bandiera_Mondiali.jpg\" alt=\"\" data-id=\"4281\" data-link=\"http:\/\/www.fisiveneto.com\/?attachment_id=4281\" class=\"wp-image-4281\" srcset=\"https:\/\/comitati.fisi.org\/veneto\/wp-content\/uploads\/sites\/39\/2019\/02\/Cortina-2021_bandiera_Mondiali.jpg 750w, https:\/\/comitati.fisi.org\/veneto\/wp-content\/uploads\/sites\/39\/2019\/02\/Cortina-2021_bandiera_Mondiali-300x164.jpg 300w\" sizes=\"(max-width: 750px) 100vw, 750px\" \/><figcaption>Ski World Championships 2019, Are (SWE), 17\/2\/2018, , Photo by Gabriele Facciotti, Pentaphoto<\/figcaption><\/figure><\/li><\/ul>\n","protected":false},"excerpt":{"rendered":"<p>Il passaggio del testimone \u00e8 avvenuto: per Cortina l\u2019avventura mondiale parte dalla Svezia. Nel corso della cerimonia di chiusura della 45\u00aa edizione dei Campionati del mondo di sci alpino che si sono svolti ad \u00c5re, infatti, c\u2019\u00e8 stato oggi il simbolico passaggio della bandiera della Federazione Internazionale dello Sci dalle mani degli organizzatori svedesi ad Alessandro Benetton, capodelegazione azzurro e&hellip;<\/p>\n","protected":false},"author":4,"featured_media":4278,"comment_status":"closed","ping_status":"open","sticky":false,"template":"","format":"standard","meta":{"_acf_changed":false,"footnotes":""},"categories":[1],"tags":[],"acf":[],"_links":{"self":[{"href":"https:\/\/comitati.fisi.org\/veneto\/wp-json\/wp\/v2\/posts\/4277"}],"collection":[{"href":"https:\/\/comitati.fisi.org\/veneto\/wp-json\/wp\/v2\/posts"}],"about":[{"href":"https:\/\/comitati.fisi.org\/veneto\/wp-json\/wp\/v2\/types\/post"}],"author":[{"embeddable":true,"href":"https:\/\/comitati.fisi.org\/veneto\/wp-json\/wp\/v2\/users\/4"}],"replies":[{"embeddable":true,"href":"https:\/\/comitati.fisi.org\/veneto\/wp-json\/wp\/v2\/comments?post=4277"}],"version-history":[{"count":0,"href":"https:\/\/comitati.fisi.org\/veneto\/wp-json\/wp\/v2\/posts\/4277\/revisions"}],"wp:featuredmedia":[{"embeddable":true,"href":"https:\/\/comitati.fisi.org\/veneto\/wp-json\/wp\/v2\/media\/4278"}],"wp:attachment":[{"href":"https:\/\/comitati.fisi.org\/veneto\/wp-json\/wp\/v2\/media?parent=4277"}],"wp:term":[{"taxonomy":"category","embeddable":true,"href":"https:\/\/comitati.fisi.org\/veneto\/wp-json\/wp\/v2\/categories?post=4277"},{"taxonomy":"post_tag","embeddable":true,"href":"https:\/\/comitati.fisi.org\/veneto\/wp-json\/wp\/v2\/tags?post=4277"}],"curies":[{"name":"wp","href":"https:\/\/api.w.org\/{rel}","templated":true}]}}