{"id":4035,"date":"2019-02-11T15:46:21","date_gmt":"2019-02-11T15:46:21","guid":{"rendered":"http:\/\/www.fisiveneto.com\/?p=4035"},"modified":"2019-02-11T15:46:21","modified_gmt":"2019-02-11T15:46:21","slug":"ottimo-fine-settimana-in-coppa-europa-per-elisa-caffont","status":"publish","type":"post","link":"https:\/\/comitati.fisi.org\/veneto\/blog\/2019\/02\/11\/ottimo-fine-settimana-in-coppa-europa-per-elisa-caffont\/","title":{"rendered":"Ottimo fine settimana in Coppa Europa per Elisa Caffont"},"content":{"rendered":"\n<p>Due podi in Coppa Europa nel fine settimana per Elisa Caffont. La bellunese dello Sci club Alleghe, azzurra del parallelo (squadra B), a Lenzerheide (Svizzera) \u00e8 arrivata due volte seconda nello slalom parallelo. In entrambe le giornate \u00e8 stata battuta in finale solamente dalla russa Anastasia Kurochkina. Per l&#8217;Italia si \u00e8 trattato di un ottimo fine settimana quello in terra elvetica: gli azzurri sono infatti tornati a casa con cinque podi: nelle gare femminili, oltre ai due secondi posti sono arrivati anche i due terzi posto di Jasmin Coratti mentre tra i maschi si \u00e8 registrato il terzo posto di sabato da parte Marc Hofer.\u00a0<a href=\"https:\/\/www.fis-ski.com\/DB\/general\/event-details.html?sectorcode=SB&amp;eventid=43232&amp;seasoncode=2019\">Qui<\/a> le graduatorie. <\/p>\n","protected":false},"excerpt":{"rendered":"<p>Due podi in Coppa Europa nel fine settimana per Elisa Caffont. La bellunese dello Sci club Alleghe, azzurra del parallelo (squadra B), a Lenzerheide (Svizzera) \u00e8 arrivata due volte seconda nello slalom parallelo. In entrambe le giornate \u00e8 stata battuta in finale solamente dalla russa Anastasia Kurochkina. Per l&#8217;Italia si \u00e8 trattato di un ottimo fine settimana quello in terra&hellip;<\/p>\n","protected":false},"author":4,"featured_media":4036,"comment_status":"closed","ping_status":"open","sticky":false,"template":"","format":"standard","meta":{"_acf_changed":false,"footnotes":""},"categories":[1],"tags":[],"acf":[],"_links":{"self":[{"href":"https:\/\/comitati.fisi.org\/veneto\/wp-json\/wp\/v2\/posts\/4035"}],"collection":[{"href":"https:\/\/comitati.fisi.org\/veneto\/wp-json\/wp\/v2\/posts"}],"about":[{"href":"https:\/\/comitati.fisi.org\/veneto\/wp-json\/wp\/v2\/types\/post"}],"author":[{"embeddable":true,"href":"https:\/\/comitati.fisi.org\/veneto\/wp-json\/wp\/v2\/users\/4"}],"replies":[{"embeddable":true,"href":"https:\/\/comitati.fisi.org\/veneto\/wp-json\/wp\/v2\/comments?post=4035"}],"version-history":[{"count":0,"href":"https:\/\/comitati.fisi.org\/veneto\/wp-json\/wp\/v2\/posts\/4035\/revisions"}],"wp:featuredmedia":[{"embeddable":true,"href":"https:\/\/comitati.fisi.org\/veneto\/wp-json\/wp\/v2\/media\/4036"}],"wp:attachment":[{"href":"https:\/\/comitati.fisi.org\/veneto\/wp-json\/wp\/v2\/media?parent=4035"}],"wp:term":[{"taxonomy":"category","embeddable":true,"href":"https:\/\/comitati.fisi.org\/veneto\/wp-json\/wp\/v2\/categories?post=4035"},{"taxonomy":"post_tag","embeddable":true,"href":"https:\/\/comitati.fisi.org\/veneto\/wp-json\/wp\/v2\/tags?post=4035"}],"curies":[{"name":"wp","href":"https:\/\/api.w.org\/{rel}","templated":true}]}}