{"id":3806,"date":"2019-02-08T20:21:34","date_gmt":"2019-02-08T20:21:34","guid":{"rendered":"http:\/\/www.fisiveneto.com\/?p=3806"},"modified":"2019-02-08T20:21:34","modified_gmt":"2019-02-08T20:21:34","slug":"presentata-la-36-ma-transcavallo-tre-giorni-ad-alta-intensita-dal-15-al-17-febbraio","status":"publish","type":"post","link":"https:\/\/comitati.fisi.org\/veneto\/blog\/2019\/02\/08\/presentata-la-36-ma-transcavallo-tre-giorni-ad-alta-intensita-dal-15-al-17-febbraio\/","title":{"rendered":"Sci alpinismo, presentata la 36.ma Transcavallo, tre  giorni ad alta intensit\u00e0 dal 15 al 17 febbraio"},"content":{"rendered":"\n<p>Presentata questa sera (foto) nella sede di Seribell a Ponte nelle Alpi (Belluno) la 36.ma Transcavallo, gara a coppie che da tempo \u00e8 uno dei riferimenti dello sci alpinismo in Italia e in Europa. Da venerd\u00ec 15 a domenica 17 sulle creste tra Alpago e Piancavallo si vedranno atleti di Italia, Francia, Slovacchia, Repubblica Ceca, Germania e Austria. Si partir\u00e0 venerd\u00ec per concludere domenica: tre giorni ad alta intensit\u00e0, con oltre 10 mila metri di dislivello complessivo. Sede di partenza, arrivo e quartiere generale, Col Indes di Tambre. Si partir\u00e0 venerd\u00ec pomeriggio, con la Col Indes &#8211; Piancavallo. Il giorno dopo si andr\u00e0 da Piancavallo a Col Indes mentre domenica si concluder\u00e0 con la Col Indes &#8211; Col Indes. Accanto alla gara a coppie ci sar\u00e0 anche la &#8220;Classic&#8221; individuale e non agonistica, voluta come occasione promozionale.&nbsp;<br>\u00abContinua la collaborazione con Piancavallo, una collaborazione nata qualche anno fa e che riteniamo essere la strada giusta\u00bb ha affermato Diego Svalduz, presidente del comitato organizzatore. \u00abEventi come questo sono ossigeno per il territorio e sono occasioni per far conoscere l&#8217;Alpago e pi\u00f9 in generale la montagna bellunese in Europa. Nulla di tutto quello che facciamo sarebbe possibile senza l&#8217;aiuto delle aziende e delle istituzioni che ci supportano e dei trecento volontari che lavorano, volontari che come diceva Corrado Azzalini, sono l&#8217;anima della Transcavallo\u00bb.<br>\u00abI percorsi verranno definiti nel dettaglio nei prossimi giorni, anche in base ad eventuali precipitazioni\u00bb ha affermato Vittorio Romor, responsabile tecnico dell&#8217;evento. \u00abNovit\u00e0 importante \u00e8 il ritorno a Col Indes, una soluzione logistica che crediamo possa essere vincente\u00bb. Diversi sono stati gli interventi alla vernice della 36.ma Transcavallo: tra questi quelli del consigliere nazionale Fisi e responsabile Promotour Fvg Enzo Sima, del presidente di Fisi Veneto Roberto Bortoluzzi e di diversi amministratori. Per approfondimenti clicca <a href=\"https:\/\/www.transcavallo.it\/it\/\">qui<\/a>. <\/p>\n\n\n\n<p><\/p>\n","protected":false},"excerpt":{"rendered":"<p>Presentata questa sera (foto) nella sede di Seribell a Ponte nelle Alpi (Belluno) la 36.ma Transcavallo, gara a coppie che da tempo \u00e8 uno dei riferimenti dello sci alpinismo in Italia e in Europa. Da venerd\u00ec 15 a domenica 17 sulle creste tra Alpago e Piancavallo si vedranno atleti di Italia, Francia, Slovacchia, Repubblica Ceca, Germania e Austria. Si partir\u00e0&hellip;<\/p>\n","protected":false},"author":4,"featured_media":3807,"comment_status":"closed","ping_status":"open","sticky":false,"template":"","format":"standard","meta":{"_acf_changed":false,"footnotes":""},"categories":[1],"tags":[],"acf":[],"_links":{"self":[{"href":"https:\/\/comitati.fisi.org\/veneto\/wp-json\/wp\/v2\/posts\/3806"}],"collection":[{"href":"https:\/\/comitati.fisi.org\/veneto\/wp-json\/wp\/v2\/posts"}],"about":[{"href":"https:\/\/comitati.fisi.org\/veneto\/wp-json\/wp\/v2\/types\/post"}],"author":[{"embeddable":true,"href":"https:\/\/comitati.fisi.org\/veneto\/wp-json\/wp\/v2\/users\/4"}],"replies":[{"embeddable":true,"href":"https:\/\/comitati.fisi.org\/veneto\/wp-json\/wp\/v2\/comments?post=3806"}],"version-history":[{"count":0,"href":"https:\/\/comitati.fisi.org\/veneto\/wp-json\/wp\/v2\/posts\/3806\/revisions"}],"wp:featuredmedia":[{"embeddable":true,"href":"https:\/\/comitati.fisi.org\/veneto\/wp-json\/wp\/v2\/media\/3807"}],"wp:attachment":[{"href":"https:\/\/comitati.fisi.org\/veneto\/wp-json\/wp\/v2\/media?parent=3806"}],"wp:term":[{"taxonomy":"category","embeddable":true,"href":"https:\/\/comitati.fisi.org\/veneto\/wp-json\/wp\/v2\/categories?post=3806"},{"taxonomy":"post_tag","embeddable":true,"href":"https:\/\/comitati.fisi.org\/veneto\/wp-json\/wp\/v2\/tags?post=3806"}],"curies":[{"name":"wp","href":"https:\/\/api.w.org\/{rel}","templated":true}]}}