{"id":3762,"date":"2019-02-07T10:20:18","date_gmt":"2019-02-07T10:20:18","guid":{"rendered":"http:\/\/www.fisiveneto.com\/?p=3762"},"modified":"2019-02-07T10:20:18","modified_gmt":"2019-02-07T10:20:18","slug":"fondo-da-domani-a-schilpario-i-tricolori-allievi","status":"publish","type":"post","link":"https:\/\/comitati.fisi.org\/veneto\/blog\/2019\/02\/07\/fondo-da-domani-a-schilpario-i-tricolori-allievi\/","title":{"rendered":"Fondo, da domani a Schilpario i Tricolori Allievi"},"content":{"rendered":"\n<p>Lo sci club Schilpario (Beramo) ospita a partire dalla giornata di domani venerd\u00ec 8 febbraio 2019, i Campionati italiani Under 16 (Allievi). Domani si inizier\u00e0 con la Gimkana XCX in tecnica libera. Sabato 9 febbraio sar\u00e0 la volta della tecnica classica ed infine si chiuder\u00e0 domenica con la prova a squadre.<\/p>\n\n\n\n<p>Sono attesi a Schilpario circa 200 atleti che si daranno battaglia per il titolo italiano. La prova \u00e8 valida per la Coppa Italia Rode Under 16.<br><\/p>\n\n\n\n<p>Di seguito il programma della manifestazione<\/p>\n\n\n\n<p><strong>Gioved\u00ec 7 febbraio<\/strong><br>Ore 09:30-16:30 Allenamenti prova pista<br>ore 18:00 riunione capi squadra<br><strong>Venerd\u00ec 8 febbraio<\/strong><br>Ore 09:30 Partenza GIMKANA XCX TL A seguire Flowers ceremony campo gara<br>Ore 16:30 Sfilata Comitati e Cerimonia d\u2019apertura (partenza piazzale pista fondo \u2013 arrivo Piazza Card. Maj)<br>Ore 18:30 Riunione capi squadra<br><strong>Sabato 9 febbraio<\/strong><br>Ore 09:30 Partenza Gara individuale TC 5 Km fem &#8211; 7,5 km mas A seguire: Flowers ceremony campo gara<br>Ore 16:30 Piazza Card. Maj: Cerimonia di premiazione<br>Ore 17:30 Riunione capi squadra<br>Ore 18:00 Chiesa Parrocchiale: Santa Messa dello sportivo<br>Ore 20:15 Cinema Prealpi: Serata con il Campione Olimpico FRANCO NONES<br><strong>Domenica 10 febbraio<\/strong><br>Ore 09:30 Partenza Gara staffetta TL 3&#215;4 fem \u2013 3&#215;5 km mas <\/p>\n\n\n\n<p>Di seguito i convocati del  comitato<\/p>\n\n\n\n<p><strong>Allieve<\/strong>: Iris De Martin Pinter (Valpadola), Roberta Cenci (Enego Lisser), Matilde Pante (Sovramonte), Maria Sole Cona (Bosco), Laura Mortagna (Valdobbiadene), Jessica Pavan (Cortina), Alice Menegazzi (Sc Bosco), Melissa Dandrea (Sc Cortina), Chiara De Cia (Sovramonte), Sara Zannin (Sovramonte), Gaia Alver\u00e0 (Cortina), Roberta Saltari (Cortina), Agnese Mutschlechner (Cortina).<\/p>\n\n\n\n<p><br><strong>Allievi\u00a0(foto)<\/strong>: Andrea Zorzi (Ski College), Alex Massella (Bosco), Giacomo Schivo (Gallio), Leonardo Busin (Val Biois), Alberto Vagretti (Val Biois), Matteo Stander (Orsi Bianchi), Alex Serafini (Val Biois), Riccardo Munari (Valdobbiadene), Simone Gaspari (Cortina), Gabriele De Zolt Ponte (Valpadola), Matthias Cagnati (Val Biois), Alessandro Corradi (Orsi Bianchi), Marco Brancaleone (Val Biois), Giovanni De Col (Val Biois), Alberto Ferro (Enal sport Villaga).\u00a0<\/p>\n\n\n\n<p><\/p>\n\n\n\n<div class=\"wp-block-file\"><a href=\"http:\/\/comitati.fisi.org\/veneto\/wp-content\/uploads\/sites\/39\/2019\/02\/programma-gare-8-02-2019-Schilpario.pdf\">programma-gare-8-02-2019-Schilpario<\/a><a href=\"http:\/\/comitati.fisi.org\/veneto\/wp-content\/uploads\/sites\/39\/2019\/02\/programma-gare-8-02-2019-Schilpario.pdf\" class=\"wp-block-file__button\" download>Download<\/a><\/div>\n\n\n\n<div class=\"wp-block-file\"><a href=\"http:\/\/comitati.fisi.org\/veneto\/wp-content\/uploads\/sites\/39\/2019\/02\/Schilpario-italiani-U16-08-02-2019.png\">Schilpario-italiani-U16-08-02-2019<\/a><a href=\"http:\/\/comitati.fisi.org\/veneto\/wp-content\/uploads\/sites\/39\/2019\/02\/Schilpario-italiani-U16-08-02-2019.png\" class=\"wp-block-file__button\" download>Download<\/a><\/div>\n","protected":false},"excerpt":{"rendered":"<p>Lo sci club Schilpario (Beramo) ospita a partire dalla giornata di domani venerd\u00ec 8 febbraio 2019, i Campionati italiani Under 16 (Allievi). Domani si inizier\u00e0 con la Gimkana XCX in tecnica libera. Sabato 9 febbraio sar\u00e0 la volta della tecnica classica ed infine si chiuder\u00e0 domenica con la prova a squadre. Sono attesi a Schilpario circa 200 atleti che si&hellip;<\/p>\n","protected":false},"author":4,"featured_media":3765,"comment_status":"closed","ping_status":"open","sticky":false,"template":"","format":"standard","meta":{"_acf_changed":false,"footnotes":""},"categories":[1],"tags":[],"acf":[],"_links":{"self":[{"href":"https:\/\/comitati.fisi.org\/veneto\/wp-json\/wp\/v2\/posts\/3762"}],"collection":[{"href":"https:\/\/comitati.fisi.org\/veneto\/wp-json\/wp\/v2\/posts"}],"about":[{"href":"https:\/\/comitati.fisi.org\/veneto\/wp-json\/wp\/v2\/types\/post"}],"author":[{"embeddable":true,"href":"https:\/\/comitati.fisi.org\/veneto\/wp-json\/wp\/v2\/users\/4"}],"replies":[{"embeddable":true,"href":"https:\/\/comitati.fisi.org\/veneto\/wp-json\/wp\/v2\/comments?post=3762"}],"version-history":[{"count":0,"href":"https:\/\/comitati.fisi.org\/veneto\/wp-json\/wp\/v2\/posts\/3762\/revisions"}],"wp:featuredmedia":[{"embeddable":true,"href":"https:\/\/comitati.fisi.org\/veneto\/wp-json\/wp\/v2\/media\/3765"}],"wp:attachment":[{"href":"https:\/\/comitati.fisi.org\/veneto\/wp-json\/wp\/v2\/media?parent=3762"}],"wp:term":[{"taxonomy":"category","embeddable":true,"href":"https:\/\/comitati.fisi.org\/veneto\/wp-json\/wp\/v2\/categories?post=3762"},{"taxonomy":"post_tag","embeddable":true,"href":"https:\/\/comitati.fisi.org\/veneto\/wp-json\/wp\/v2\/tags?post=3762"}],"curies":[{"name":"wp","href":"https:\/\/api.w.org\/{rel}","templated":true}]}}