{"id":3750,"date":"2019-02-06T09:27:14","date_gmt":"2019-02-06T09:27:14","guid":{"rendered":"http:\/\/www.fisiveneto.com\/?p=3750"},"modified":"2019-02-06T09:27:14","modified_gmt":"2019-02-06T09:27:14","slug":"prima-edizione-di-biathlon-trophy-cortina-il-10-febbraio-a-fiames-con-sc-cortina-e-alpenplus","status":"publish","type":"post","link":"https:\/\/comitati.fisi.org\/veneto\/blog\/2019\/02\/06\/prima-edizione-di-biathlon-trophy-cortina-il-10-febbraio-a-fiames-con-sc-cortina-e-alpenplus\/","title":{"rendered":"Prima edizione di &#8220;Biathlon Trophy Cortina&#8221; il 10 febbraio a Fiames con Sc Cortina e AlpenPlus"},"content":{"rendered":"\n<p> A Cortina \u00e8 tempo di biathlon. Domenica 10 febbraio, infatti, si svolger\u00e0 la prima edizione del \u201cBiathlon Trophy Cortina\u201d, evento promozionale dedicato alle categorie giovanili. La manifestazione, promossa dallo Sci club Cortina in sinergia con AlpenPlus, aziende bellunese specializzata nell&#8217;abbigliamento outdoor, andr\u00e0 in scena al Fiames Sport Nordic Center e vedr\u00e0 in gara le categorie Baby (1.5 km e 2 serie di tiri),\u00a0 Cuccioli (2 km e 2 serie di tiri),\u00a0Ragazzi (3 km e 2 serie di tiri) e Allievi (4 km e 2 serie di tiri). Il via \u00e8 previsto per le 10.15. Le premiazioni si svolgeranno, al campo gara, a partire dalle 14.30.\u00abDa qualche anno abbiamo un gruppo di ragazzi che si dedica a questa disciplina emergente nell&#8217;ambito degli sport invernali, anche con buoni risultati\u00bb\u00a0spiega Igor Gombac, vicepresidente dello Sci club Cortina e responsabile del settore nordico.\u00a0\u00abOra ci cimentiamo con questa prova organizzativa che auspichiamo possa svilupparsi e divenire un appuntamento fisso nel calendario dell&#8217;inverno sportivo ampezzano e non solo. Il 10 febbraio in gara ci saranno i nostri ragazzi ma anche diversi giovani atleti provenienti da Veneto, Friuli, Trentino e Alto Adige: alcuni di loro sono reduci dai campionati italiani Ragazzi Allievi della scorsa settimana, qualcuno \u00e8 anche salito sul podio. Perci\u00f2, pur trattandosi di una promozionale, il livello sar\u00e0 di eccellenza. E lo spettacolo non mancher\u00e0\u00bb. Per approfondimenti sull&#8217;attivit\u00e0 dello Sci club Cortina:\u00a0<a href=\"http:\/\/www.sciclubcortina.it\/\">www.sciclubcortina.it<br><\/a><br><\/p>\n","protected":false},"excerpt":{"rendered":"<p>A Cortina \u00e8 tempo di biathlon. Domenica 10 febbraio, infatti, si svolger\u00e0 la prima edizione del \u201cBiathlon Trophy Cortina\u201d, evento promozionale dedicato alle categorie giovanili. La manifestazione, promossa dallo Sci club Cortina in sinergia con AlpenPlus, aziende bellunese specializzata nell&#8217;abbigliamento outdoor, andr\u00e0 in scena al Fiames Sport Nordic Center e vedr\u00e0 in gara le categorie Baby (1.5 km e 2&hellip;<\/p>\n","protected":false},"author":4,"featured_media":3751,"comment_status":"closed","ping_status":"open","sticky":false,"template":"","format":"standard","meta":{"_acf_changed":false,"footnotes":""},"categories":[23,62],"tags":[],"acf":[],"_links":{"self":[{"href":"https:\/\/comitati.fisi.org\/veneto\/wp-json\/wp\/v2\/posts\/3750"}],"collection":[{"href":"https:\/\/comitati.fisi.org\/veneto\/wp-json\/wp\/v2\/posts"}],"about":[{"href":"https:\/\/comitati.fisi.org\/veneto\/wp-json\/wp\/v2\/types\/post"}],"author":[{"embeddable":true,"href":"https:\/\/comitati.fisi.org\/veneto\/wp-json\/wp\/v2\/users\/4"}],"replies":[{"embeddable":true,"href":"https:\/\/comitati.fisi.org\/veneto\/wp-json\/wp\/v2\/comments?post=3750"}],"version-history":[{"count":0,"href":"https:\/\/comitati.fisi.org\/veneto\/wp-json\/wp\/v2\/posts\/3750\/revisions"}],"wp:featuredmedia":[{"embeddable":true,"href":"https:\/\/comitati.fisi.org\/veneto\/wp-json\/wp\/v2\/media\/3751"}],"wp:attachment":[{"href":"https:\/\/comitati.fisi.org\/veneto\/wp-json\/wp\/v2\/media?parent=3750"}],"wp:term":[{"taxonomy":"category","embeddable":true,"href":"https:\/\/comitati.fisi.org\/veneto\/wp-json\/wp\/v2\/categories?post=3750"},{"taxonomy":"post_tag","embeddable":true,"href":"https:\/\/comitati.fisi.org\/veneto\/wp-json\/wp\/v2\/tags?post=3750"}],"curies":[{"name":"wp","href":"https:\/\/api.w.org\/{rel}","templated":true}]}}