{"id":3586,"date":"2019-02-01T14:05:26","date_gmt":"2019-02-01T14:05:26","guid":{"rendered":"http:\/\/www.fisiveneto.com\/?p=3586"},"modified":"2019-02-01T14:05:26","modified_gmt":"2019-02-01T14:05:26","slug":"domani-la-dobbiaco-cortina-con-percorso-modificato","status":"publish","type":"post","link":"https:\/\/comitati.fisi.org\/veneto\/blog\/2019\/02\/01\/domani-la-dobbiaco-cortina-con-percorso-modificato\/","title":{"rendered":"Domani la Dobbiaco-Cortina, con percorso modificato"},"content":{"rendered":"\n<p>42.a Granfondo Dobbiaco-Cortina ai nastri di partenza, domani con la gara in classico, alle ore 8.30 con gli uomini e alle ore 8.45 le donne, a partire dalle ore 9 invece scatteranno tutti gli amatori, che avranno a disposizione anche la gara di domenica per fare l\u2019accoppiata classic-skating.<\/p>\n\n\n\n<p>Tord Asle Gjerdalen, deluso dopo essersi fatto beffare alla Marcialonga, aveva subito un altro obiettivo in mente: \u201cHo vinto le ultime tre edizioni della Granfondo Dobbiaco-Cortina, spero di riuscire a rimanere concentrato e di calare il poker, con questi avversari non sar\u00e0 facile\u201d. Le ultime tre edizioni (2016, 2017, 2018) della manifestazione altoatesina sono infatti state appannaggio del \u2018guerriero norreno\u2019 con gli occhiali da aviatore, con ottime prestazioni anche da parte di Andreas Nygaard, ma questa volta potrebbe essere pi\u00f9 difficile aggiudicarsi il trono, a causa dello strapotere dimostrato da Petter Eliassen, sempre pi\u00f9 leader del circuito Visma Ski Classics. Il timido norvegese lo \u00e8 solo fuori dai binari, e la condizione mostrata alla Marcialonga potrebbe ancora una volta non lasciar scampo agli avversari. L\u2019annata di assenza sembra non aver compromesso la sua forma ed Eliassen punta forte a vincere il titolo di campione, spalleggiato dai propri compagni del Team BN Bank, Simen Oestensen e Morten Eide Pedersen, oltre al russo Ilya Chernousov, lo scorso anno penalizzato dopo esser stato reduce da un\u2019ottima prestazione e aver vinto la Marcialonga. Eliassen avr\u00e0 pi\u00f9 che mai bisogno del proprio team, d\u2019altronde non capita tutti i giorni di partire primo ed arrivare primo ad una ski-marathon, \u00e8 cosa rara e ripetersi non sar\u00e0 facile. Sergej Ustiugov sar\u00e0 al via, un atleta di Coppa del Mondo che si confronta con i fenomeni della resistenza, assieme al connazionale Eugeny Belov in gara con i colori del Team Futura. La lista di partenza della Granfondo ha anche un altro nome di prestigio proveniente dalla Coppa del Mondo, si tratta di Aleksej Poltoranin, fondista kazako con due bronzi mondiali che si aggiunger\u00e0 al gi\u00e0 ricchissimo parterre in una sorta di sfida tra atleti di Coppa del Mondo e specializzati nelle lunghe distanze Visma Ski Classics.<\/p>\n\n\n\n<p>Tra le donne Britta Johansson Norgren \u00e8 ad oggi inarrivabile, la condizione della poderosa svedese \u00e8 davvero di \u201cun altro pianeta\u201d e la leadership Ski Classics \u00e8 dell\u2019atleta del Team Lager 157, ma nelle ski-marathon non bisogna mai dare nulla per scontato e la Norgren se la dovr\u00e0 vedere con la connazionale Korsgren e le rivali principali Astrid Oyre Slind \u2013 non soddisfatta all\u2019arrivo dell\u2019ultima prova Visma Ski Classics, e Katerina Smutna, da tenere d\u2019occhio quando si tratterr\u00e0 di \u2018salire\u2019 verso Passo Cimabanche. Dopo ampi preparativi e attenta pianificazione, gli organizzatori annunciano che l\u2019evento (per ragioni di sicurezza) si svolger\u00e0 con un percorso modificato. A causa delle abbondanti nevicate previste la giuria ha cos\u00ec deciso di cambiare il tracciato di sabato 2 febbraio, con partenza invariata all\u2019Aeroporto Militare di Dobbiaco e arrivo alla Nordic Arena di Dobbiaco, completando una distanza di 36 km. La competizione scatter\u00e0 come previsto dall\u2019aeroporto di Dobbiaco passando attraverso la Nordic Arena e proseguir\u00e0 lungo la mitica salita al Passo di Cimabanche, ma poi, invece di continuare verso Cortina, torner\u00e0 indietro verso Dobbiaco con il traguardo posizionato alla Nordic Arena.<\/p>\n\n\n\n<p>Confermata anche la sfida in skating di domenica ma \u2013 in merito al percorso &#8211; il comitato organizzatore valuter\u00e0 il da farsi nella giornata di domani, anche in base alle condizioni meteo. Herbert Santer \u00e8 il presidente del comitato organizzatore della Granfondo Dobbiaco-Cortina, e in merito all\u2019affluenza di partecipanti afferma: \u201cAbbiamo una miriade di nazioni presenti, tra le quali Russia, Germania e Svezia, e oltre 2.000 fondisti grazie alle agenzie con le quali siamo in contatto da anni. Le nazioni sono oltre quota 22. Inoltre a Dobbiaco ci si allena per i Mondiali di Seefeld e alcuni concorrenti colgono l\u2019occasione perch\u00e9 qui abbiamo un\u2019altitudine ideale\u201d. Soddisfatto anche Igor Gombac, il vicepresidente e braccio destro di Santer: \u201cCi avviciniamo al record per quanto riguarda le iscrizioni, siamo soddisfatti\u201d.<\/p>\n","protected":false},"excerpt":{"rendered":"<p>42.a Granfondo Dobbiaco-Cortina ai nastri di partenza, domani con la gara in classico, alle ore 8.30 con gli uomini e alle ore 8.45 le donne, a partire dalle ore 9 invece scatteranno tutti gli amatori, che avranno a disposizione anche la gara di domenica per fare l\u2019accoppiata classic-skating. Tord Asle Gjerdalen, deluso dopo essersi fatto beffare alla Marcialonga, aveva subito&hellip;<\/p>\n","protected":false},"author":4,"featured_media":3587,"comment_status":"closed","ping_status":"open","sticky":false,"template":"","format":"standard","meta":{"_acf_changed":false,"footnotes":""},"categories":[1],"tags":[],"acf":[],"_links":{"self":[{"href":"https:\/\/comitati.fisi.org\/veneto\/wp-json\/wp\/v2\/posts\/3586"}],"collection":[{"href":"https:\/\/comitati.fisi.org\/veneto\/wp-json\/wp\/v2\/posts"}],"about":[{"href":"https:\/\/comitati.fisi.org\/veneto\/wp-json\/wp\/v2\/types\/post"}],"author":[{"embeddable":true,"href":"https:\/\/comitati.fisi.org\/veneto\/wp-json\/wp\/v2\/users\/4"}],"replies":[{"embeddable":true,"href":"https:\/\/comitati.fisi.org\/veneto\/wp-json\/wp\/v2\/comments?post=3586"}],"version-history":[{"count":0,"href":"https:\/\/comitati.fisi.org\/veneto\/wp-json\/wp\/v2\/posts\/3586\/revisions"}],"wp:featuredmedia":[{"embeddable":true,"href":"https:\/\/comitati.fisi.org\/veneto\/wp-json\/wp\/v2\/media\/3587"}],"wp:attachment":[{"href":"https:\/\/comitati.fisi.org\/veneto\/wp-json\/wp\/v2\/media?parent=3586"}],"wp:term":[{"taxonomy":"category","embeddable":true,"href":"https:\/\/comitati.fisi.org\/veneto\/wp-json\/wp\/v2\/categories?post=3586"},{"taxonomy":"post_tag","embeddable":true,"href":"https:\/\/comitati.fisi.org\/veneto\/wp-json\/wp\/v2\/tags?post=3586"}],"curies":[{"name":"wp","href":"https:\/\/api.w.org\/{rel}","templated":true}]}}