{"id":3576,"date":"2019-02-01T13:22:45","date_gmt":"2019-02-01T13:22:45","guid":{"rendered":"http:\/\/www.fisiveneto.com\/?p=3576"},"modified":"2019-02-01T13:22:45","modified_gmt":"2019-02-01T13:22:45","slug":"gli-aggiornamenti-sulle-gare-del-fine-settimana","status":"publish","type":"post","link":"https:\/\/comitati.fisi.org\/veneto\/blog\/2019\/02\/01\/gli-aggiornamenti-sulle-gare-del-fine-settimana\/","title":{"rendered":"Gli aggiornamenti sulle gare del fine settimana"},"content":{"rendered":"\n<p>Le copiose nevicate che stanno interessando in questo fine settimana l&#8217;arco alpino, condizionano anche il calendario dello sci. Questa la situazione. <\/p>\n\n\n\n<p>Per quanto riguarda lo <strong>sci di fondo<\/strong>, <strong>\u00e8 confermato il Memorial Pellegrini<\/strong>, gara organizzata dallo Sci nordico Marmolada per domenica 3 gennaio. La gara, prevista inizialmente a Malga Ciapela e poi spostata a Gar\u00e8s di Canale d&#8217;Agordo, si svolger\u00e0 nella stessa Gar\u00e8s, con inizio alle 10.  La societ\u00e0 organizzatrice comunica che la strada per raggiungere Gar\u00e8s \u00e8 perfettamente agibile, cos\u00ec come agibili sono i parcheggi della zona partenza. <\/p>\n\n\n\n<p>La prova del <strong>Grand Prix E.Ma.Pri.Ce.<\/strong> di sci alpino della circoscrizione Vicenza-Verona, previsto per domenica 3, \u00e8 rinviato a data da destinarsi.<\/p>\n\n\n\n<p>La prova del  <strong>Grand Prix E.Ma.Pri.Ce.<\/strong> di sci alpino della circoscrizione Belluno Alta, prevista per domenica 3 ad Auronzo, \u00e8 rinviata a data da destinarsi.<\/p>\n\n\n\n<p>La prova del  <strong>Grand Prix E.Ma.Pri.Ce.<\/strong> di sci alpino della circoscrizione Treviso Padova Treviso Venezia, prevista per domenica 3 a San Vito di Cadore, \u00e8 rinviata a data da destinarsi. <\/p>\n\n\n\n<p>La prova del <strong>Grand Prix E.Ma.Pri.Ce.<\/strong>  di sci alpino della circoscrizione Belluno Bassa prevista per domenica  3 in Nevegal \u00e8 rinviata a data da destinarsi. <\/p>\n\n\n\n<p>Le prove del <strong>Grand Prix Lattebusche<\/strong> della circoscrizione Belluno Alta previste per domenica 3 a Padola, sono rinviate a data da destinarsi. <\/p>\n\n\n\n<p> Le prove del <strong>Grand Prix Lattebusche<\/strong> della circoscrizione Belluno Bassa previste per domenica 3 Ad Alleghe, sono rinviate a data da destinarsi.  <\/p>\n\n\n\n<p>La prova del <strong>Grand Prix Lattebusche<\/strong> della circoscrizione Padova-Rovigo-Treviso-Venezia, prevista per domenica 3 a San Vito, \u00e8 rinviata a data da destinarsi. <\/p>\n\n\n\n<p>Le gare di <strong>snowboard<\/strong> (Fis, Coppa Italia e Triveneto Cup) previste ad Alleghe per sabato 2 domenica 3, sono rinviate a data da destinarsi.<\/p>\n\n\n\n<p>Le gare di sci alpino dell&#8217;<strong>Autodrive Ski Cup<\/strong> previste per sabato 2 al San Pellegrino (organizzazione Playlife) sono annullate. <\/p>\n\n\n\n<p> Le gare di sci alpino dell&#8217;<strong>Autodrive Ski Cup<\/strong> previste per domenica 3 al San Pellegrino (organizzazione Patavium) sono rinviate a data da destinarsi.  <\/p>\n\n\n\n<p>Annullata la <strong>Dobbiaco Cortina<\/strong> di fondo. La Protezione Civile e la Commissione Valange del Comune di Dobbiaco, dopo aver sentito gli organi preposti della Provincia di Bolzano ha diramato un comunicato nel quale afferma che le condizioni di sicurezza per lo svolgimento della gara non sono garantite a causa di forte rischio di valanghe e quindi la gara di oggi, sabato 2 febbraio, \u00e8 interdetta.<br>Annullata anche la gara di domani, domenica 3 febbraio. <\/p>\n\n\n\n<p>Il sesto <strong>Trofeo Cantine Maschio<\/strong>, gara organizzata da Uoei Treviso in Zoldo e valida quale prova del Trofeo Provincia di Treviso, \u00e8 rinviata a data da destinarsi.<\/p>\n\n\n\n<p>Gara di <strong>Fondo&nbsp;<\/strong>in&nbsp;calendario&nbsp;domenica a Campolongo di Rotzo org. 2A Asiago, Trofeo Dal Sasso,Circuito Lattebusche e Ragazzi\/Allievi circoscrizione Vicenza e Verona, rinviata a data da destinarsi<\/p>\n\n\n\n<p><\/p>\n","protected":false},"excerpt":{"rendered":"<p>Le copiose nevicate che stanno interessando in questo fine settimana l&#8217;arco alpino, condizionano anche il calendario dello sci. Questa la situazione. Per quanto riguarda lo sci di fondo, \u00e8 confermato il Memorial Pellegrini, gara organizzata dallo Sci nordico Marmolada per domenica 3 gennaio. La gara, prevista inizialmente a Malga Ciapela e poi spostata a Gar\u00e8s di Canale d&#8217;Agordo, si svolger\u00e0&hellip;<\/p>\n","protected":false},"author":4,"featured_media":2991,"comment_status":"closed","ping_status":"open","sticky":false,"template":"","format":"standard","meta":{"_acf_changed":false,"footnotes":""},"categories":[1],"tags":[],"acf":[],"_links":{"self":[{"href":"https:\/\/comitati.fisi.org\/veneto\/wp-json\/wp\/v2\/posts\/3576"}],"collection":[{"href":"https:\/\/comitati.fisi.org\/veneto\/wp-json\/wp\/v2\/posts"}],"about":[{"href":"https:\/\/comitati.fisi.org\/veneto\/wp-json\/wp\/v2\/types\/post"}],"author":[{"embeddable":true,"href":"https:\/\/comitati.fisi.org\/veneto\/wp-json\/wp\/v2\/users\/4"}],"replies":[{"embeddable":true,"href":"https:\/\/comitati.fisi.org\/veneto\/wp-json\/wp\/v2\/comments?post=3576"}],"version-history":[{"count":0,"href":"https:\/\/comitati.fisi.org\/veneto\/wp-json\/wp\/v2\/posts\/3576\/revisions"}],"wp:featuredmedia":[{"embeddable":true,"href":"https:\/\/comitati.fisi.org\/veneto\/wp-json\/wp\/v2\/media\/2991"}],"wp:attachment":[{"href":"https:\/\/comitati.fisi.org\/veneto\/wp-json\/wp\/v2\/media?parent=3576"}],"wp:term":[{"taxonomy":"category","embeddable":true,"href":"https:\/\/comitati.fisi.org\/veneto\/wp-json\/wp\/v2\/categories?post=3576"},{"taxonomy":"post_tag","embeddable":true,"href":"https:\/\/comitati.fisi.org\/veneto\/wp-json\/wp\/v2\/tags?post=3576"}],"curies":[{"name":"wp","href":"https:\/\/api.w.org\/{rel}","templated":true}]}}