{"id":3564,"date":"2019-01-31T17:48:50","date_gmt":"2019-01-31T17:48:50","guid":{"rendered":"http:\/\/www.fisiveneto.com\/?p=3564"},"modified":"2019-01-31T17:48:50","modified_gmt":"2019-01-31T17:48:50","slug":"rene-de-silvestro-sc-druscie-chiude-i-mondiali-paralimpici-con-un-quinto-posto-in-supercombi","status":"publish","type":"post","link":"https:\/\/comitati.fisi.org\/veneto\/blog\/2019\/01\/31\/rene-de-silvestro-sc-druscie-chiude-i-mondiali-paralimpici-con-un-quinto-posto-in-supercombi\/","title":{"rendered":"Ren\u00e9 De Silvestro (Sc Drusci\u00e8) chiude i Mondiali paralimpici con un quinto posto in supercombi"},"content":{"rendered":"\n<p>Si concludono con un quinto posto i Mondiali 2019 di Ren\u00e9 De Silvestro. Oggi, a Sella Nevea (Udine) la rassegna iridata dello sci alpino paralimpico ha celebrato la giornata finale con la supercombinata: superG al mattino, slalom nel pomeriggio. Decimo dopo la prima prova, il portacolori dello Sci club Drsuci\u00e8, categoria Sitting, ha recuperato tra i pali stretti, riuscendo cos\u00ec a centrare la top five. <br> \u00abNon benissimo in superG, dove ho forse tenuto troppo, non malissimo in slalom, dove sonno riuscito a recuperare\u00bb. dice Ren\u00e8. \u00abAlla fine un risultato discreto, cos\u00ec come discreto \u00e8 stato il quarto posto in gigante. Il bilancio complessivo di questi mondiali \u00e8 buono anche se sono consapevole che posso fare molto meglio ed \u00e8 per questo che lavorer\u00f2\u00bb. <br>La prossima settimana il ragazzo di San Vito sar\u00e0 impegnato in Coppa del Mondo: l&#8217;appuntamento \u00e8 a Veyssonaz (Svizzera) dove dal 6 al 10 si svolgeranno tre giganti e tre superG. <br>Per quanto riguarda i Mondiali di sci paralimpico, ieri \u00e8 stata l&#8217;ennesima giornata trionfale per la coppa trentina Giacomo Bertagnolli e Fabrizio Casal, categoria Visual Impaired: vincitori del superG e poi anche della supercombi. Per loro questa rassegna iridata, svoltasi tra la slovena Kranjska Gora e la friulana Sella Nevea, \u00e8 stata davvero grandiosa: quattro ori e un argento. \u00abQuesta coppia \u00e8 parte di un gruppo straordinario, costruito con pazienza e dedizione dalla squadra Fisip guidata da Tiziana Nasi\u00bb ha commentato Luca Pancalli, presidente nazionale del Comitato italiano paralimpico. Per i dettagli della rassegna iridata clicca <a href=\"http:\/\/www.fisip.it\/\">qui<\/a>. <br><br><\/p>\n","protected":false},"excerpt":{"rendered":"<p>Si concludono con un quinto posto i Mondiali 2019 di Ren\u00e9 De Silvestro. Oggi, a Sella Nevea (Udine) la rassegna iridata dello sci alpino paralimpico ha celebrato la giornata finale con la supercombinata: superG al mattino, slalom nel pomeriggio. Decimo dopo la prima prova, il portacolori dello Sci club Drsuci\u00e8, categoria Sitting, ha recuperato tra i pali stretti, riuscendo cos\u00ec&hellip;<\/p>\n","protected":false},"author":4,"featured_media":3565,"comment_status":"closed","ping_status":"open","sticky":false,"template":"","format":"standard","meta":{"_acf_changed":false,"footnotes":""},"categories":[1],"tags":[],"acf":[],"_links":{"self":[{"href":"https:\/\/comitati.fisi.org\/veneto\/wp-json\/wp\/v2\/posts\/3564"}],"collection":[{"href":"https:\/\/comitati.fisi.org\/veneto\/wp-json\/wp\/v2\/posts"}],"about":[{"href":"https:\/\/comitati.fisi.org\/veneto\/wp-json\/wp\/v2\/types\/post"}],"author":[{"embeddable":true,"href":"https:\/\/comitati.fisi.org\/veneto\/wp-json\/wp\/v2\/users\/4"}],"replies":[{"embeddable":true,"href":"https:\/\/comitati.fisi.org\/veneto\/wp-json\/wp\/v2\/comments?post=3564"}],"version-history":[{"count":0,"href":"https:\/\/comitati.fisi.org\/veneto\/wp-json\/wp\/v2\/posts\/3564\/revisions"}],"wp:featuredmedia":[{"embeddable":true,"href":"https:\/\/comitati.fisi.org\/veneto\/wp-json\/wp\/v2\/media\/3565"}],"wp:attachment":[{"href":"https:\/\/comitati.fisi.org\/veneto\/wp-json\/wp\/v2\/media?parent=3564"}],"wp:term":[{"taxonomy":"category","embeddable":true,"href":"https:\/\/comitati.fisi.org\/veneto\/wp-json\/wp\/v2\/categories?post=3564"},{"taxonomy":"post_tag","embeddable":true,"href":"https:\/\/comitati.fisi.org\/veneto\/wp-json\/wp\/v2\/tags?post=3564"}],"curies":[{"name":"wp","href":"https:\/\/api.w.org\/{rel}","templated":true}]}}