{"id":3338,"date":"2019-01-27T16:23:19","date_gmt":"2019-01-27T16:23:19","guid":{"rendered":"http:\/\/www.fisiveneto.com\/?p=3338"},"modified":"2019-01-27T16:23:19","modified_gmt":"2019-01-27T16:23:19","slug":"grand-prix-e-ma-pri-ce-a-falcade-vince-il-limana","status":"publish","type":"post","link":"https:\/\/comitati.fisi.org\/veneto\/blog\/2019\/01\/27\/grand-prix-e-ma-pri-ce-a-falcade-vince-il-limana\/","title":{"rendered":"Grand Prix E.Ma.Pri.Ce., a Falcade vince il Limana"},"content":{"rendered":"\n<p>Oggi sulla pista Panoramica di Falcade si \u00e8 svolto lo slalom del Grand Prix E.ma.pri.ce. per la circoscrizione Belluno Bassa. Vittoria tra le societ\u00e0 per il Limana davanti a Nevegal e alla societ\u00e0 organizzatrice, lo Sci club Val Biois. In allegato i dettagli. <\/p>\n\n\n\n<div class=\"wp-block-file\"><a href=\"http:\/\/comitati.fisi.org\/veneto\/wp-content\/uploads\/sites\/39\/2019\/01\/Classifica-COMBINATA-con-dettaglio-punti.pdf\">Classifica-COMBINATA-con-dettaglio-punti<\/a><a href=\"http:\/\/comitati.fisi.org\/veneto\/wp-content\/uploads\/sites\/39\/2019\/01\/Classifica-COMBINATA-con-dettaglio-punti.pdf\" class=\"wp-block-file__button\" download>Download<\/a><\/div>\n\n\n\n<div class=\"wp-block-file\"><a href=\"http:\/\/comitati.fisi.org\/veneto\/wp-content\/uploads\/sites\/39\/2019\/01\/Classifica-Ufficiale-Allievi.pdf\">Classifica-Ufficiale-Allievi<\/a><a href=\"http:\/\/comitati.fisi.org\/veneto\/wp-content\/uploads\/sites\/39\/2019\/01\/Classifica-Ufficiale-Allievi.pdf\" class=\"wp-block-file__button\" download>Download<\/a><\/div>\n\n\n\n<div class=\"wp-block-file\"><a href=\"http:\/\/comitati.fisi.org\/veneto\/wp-content\/uploads\/sites\/39\/2019\/01\/Classifica-Ufficiale-Ragazzi.pdf\">Classifica-Ufficiale-Ragazzi<\/a><a href=\"http:\/\/comitati.fisi.org\/veneto\/wp-content\/uploads\/sites\/39\/2019\/01\/Classifica-Ufficiale-Ragazzi.pdf\" class=\"wp-block-file__button\" download>Download<\/a><\/div>\n\n\n\n<ul class=\"wp-block-gallery columns-3 is-cropped wp-block-gallery-1 is-layout-flex wp-block-gallery-is-layout-flex\"><li class=\"blocks-gallery-item\"><figure><img loading=\"lazy\" decoding=\"async\" width=\"1024\" height=\"768\" src=\"http:\/\/www.fisiveneto.com\/wp-content\/uploads\/2019\/01\/emaprice-falcade-27.01.2019-PODIO-ALLIEVI-1024x768.jpeg\" alt=\"\" data-id=\"3342\" data-link=\"http:\/\/www.fisiveneto.com\/?attachment_id=3342\" class=\"wp-image-3342\" srcset=\"https:\/\/comitati.fisi.org\/veneto\/wp-content\/uploads\/sites\/39\/2019\/01\/emaprice-falcade-27.01.2019-PODIO-ALLIEVI-1024x768.jpeg 1024w, https:\/\/comitati.fisi.org\/veneto\/wp-content\/uploads\/sites\/39\/2019\/01\/emaprice-falcade-27.01.2019-PODIO-ALLIEVI-300x225.jpeg 300w, https:\/\/comitati.fisi.org\/veneto\/wp-content\/uploads\/sites\/39\/2019\/01\/emaprice-falcade-27.01.2019-PODIO-ALLIEVI-768x576.jpeg 768w, https:\/\/comitati.fisi.org\/veneto\/wp-content\/uploads\/sites\/39\/2019\/01\/emaprice-falcade-27.01.2019-PODIO-ALLIEVI-1536x1152.jpeg 1536w, https:\/\/comitati.fisi.org\/veneto\/wp-content\/uploads\/sites\/39\/2019\/01\/emaprice-falcade-27.01.2019-PODIO-ALLIEVI.jpeg 1600w\" sizes=\"(max-width: 1024px) 100vw, 1024px\" \/><\/figure><\/li><li class=\"blocks-gallery-item\"><figure><img loading=\"lazy\" decoding=\"async\" width=\"1024\" height=\"768\" src=\"http:\/\/www.fisiveneto.com\/wp-content\/uploads\/2019\/01\/emaprice-falcade-27.01.2019-PODIO-ALLIEVE-1024x768.jpeg\" alt=\"\" data-id=\"3343\" data-link=\"http:\/\/www.fisiveneto.com\/?attachment_id=3343\" class=\"wp-image-3343\" srcset=\"https:\/\/comitati.fisi.org\/veneto\/wp-content\/uploads\/sites\/39\/2019\/01\/emaprice-falcade-27.01.2019-PODIO-ALLIEVE-1024x768.jpeg 1024w, https:\/\/comitati.fisi.org\/veneto\/wp-content\/uploads\/sites\/39\/2019\/01\/emaprice-falcade-27.01.2019-PODIO-ALLIEVE-300x225.jpeg 300w, https:\/\/comitati.fisi.org\/veneto\/wp-content\/uploads\/sites\/39\/2019\/01\/emaprice-falcade-27.01.2019-PODIO-ALLIEVE-768x576.jpeg 768w, https:\/\/comitati.fisi.org\/veneto\/wp-content\/uploads\/sites\/39\/2019\/01\/emaprice-falcade-27.01.2019-PODIO-ALLIEVE-1536x1152.jpeg 1536w, https:\/\/comitati.fisi.org\/veneto\/wp-content\/uploads\/sites\/39\/2019\/01\/emaprice-falcade-27.01.2019-PODIO-ALLIEVE.jpeg 1600w\" sizes=\"(max-width: 1024px) 100vw, 1024px\" \/><\/figure><\/li><li class=\"blocks-gallery-item\"><figure><img loading=\"lazy\" decoding=\"async\" width=\"1024\" height=\"768\" src=\"http:\/\/www.fisiveneto.com\/wp-content\/uploads\/2019\/01\/emaprice-falcade-27.01.2019-PODIO-RAGAZZE-1024x768.jpeg\" alt=\"\" data-id=\"3344\" data-link=\"http:\/\/www.fisiveneto.com\/?attachment_id=3344\" class=\"wp-image-3344\" srcset=\"https:\/\/comitati.fisi.org\/veneto\/wp-content\/uploads\/sites\/39\/2019\/01\/emaprice-falcade-27.01.2019-PODIO-RAGAZZE-1024x768.jpeg 1024w, https:\/\/comitati.fisi.org\/veneto\/wp-content\/uploads\/sites\/39\/2019\/01\/emaprice-falcade-27.01.2019-PODIO-RAGAZZE-300x225.jpeg 300w, https:\/\/comitati.fisi.org\/veneto\/wp-content\/uploads\/sites\/39\/2019\/01\/emaprice-falcade-27.01.2019-PODIO-RAGAZZE-768x576.jpeg 768w, https:\/\/comitati.fisi.org\/veneto\/wp-content\/uploads\/sites\/39\/2019\/01\/emaprice-falcade-27.01.2019-PODIO-RAGAZZE-1536x1152.jpeg 1536w, https:\/\/comitati.fisi.org\/veneto\/wp-content\/uploads\/sites\/39\/2019\/01\/emaprice-falcade-27.01.2019-PODIO-RAGAZZE.jpeg 1600w\" sizes=\"(max-width: 1024px) 100vw, 1024px\" \/><\/figure><\/li><li class=\"blocks-gallery-item\"><figure><img loading=\"lazy\" decoding=\"async\" width=\"1024\" height=\"768\" src=\"http:\/\/www.fisiveneto.com\/wp-content\/uploads\/2019\/01\/emaprice-falcade-27.01.2019-PODIO-RAGAZZI-1024x768.jpeg\" alt=\"\" data-id=\"3345\" data-link=\"http:\/\/www.fisiveneto.com\/?attachment_id=3345\" class=\"wp-image-3345\" srcset=\"https:\/\/comitati.fisi.org\/veneto\/wp-content\/uploads\/sites\/39\/2019\/01\/emaprice-falcade-27.01.2019-PODIO-RAGAZZI-1024x768.jpeg 1024w, https:\/\/comitati.fisi.org\/veneto\/wp-content\/uploads\/sites\/39\/2019\/01\/emaprice-falcade-27.01.2019-PODIO-RAGAZZI-300x225.jpeg 300w, https:\/\/comitati.fisi.org\/veneto\/wp-content\/uploads\/sites\/39\/2019\/01\/emaprice-falcade-27.01.2019-PODIO-RAGAZZI-768x576.jpeg 768w, https:\/\/comitati.fisi.org\/veneto\/wp-content\/uploads\/sites\/39\/2019\/01\/emaprice-falcade-27.01.2019-PODIO-RAGAZZI-1536x1152.jpeg 1536w, https:\/\/comitati.fisi.org\/veneto\/wp-content\/uploads\/sites\/39\/2019\/01\/emaprice-falcade-27.01.2019-PODIO-RAGAZZI.jpeg 1600w\" sizes=\"(max-width: 1024px) 100vw, 1024px\" \/><\/figure><\/li><li class=\"blocks-gallery-item\"><figure><img loading=\"lazy\" decoding=\"async\" width=\"1024\" height=\"768\" src=\"http:\/\/www.fisiveneto.com\/wp-content\/uploads\/2019\/01\/emaprice-falcade-27.01.2019-SOCIETA-1024x768.jpeg\" alt=\"\" data-id=\"3346\" data-link=\"http:\/\/www.fisiveneto.com\/?attachment_id=3346\" class=\"wp-image-3346\" srcset=\"https:\/\/comitati.fisi.org\/veneto\/wp-content\/uploads\/sites\/39\/2019\/01\/emaprice-falcade-27.01.2019-SOCIETA-1024x768.jpeg 1024w, https:\/\/comitati.fisi.org\/veneto\/wp-content\/uploads\/sites\/39\/2019\/01\/emaprice-falcade-27.01.2019-SOCIETA-300x225.jpeg 300w, https:\/\/comitati.fisi.org\/veneto\/wp-content\/uploads\/sites\/39\/2019\/01\/emaprice-falcade-27.01.2019-SOCIETA-768x576.jpeg 768w, https:\/\/comitati.fisi.org\/veneto\/wp-content\/uploads\/sites\/39\/2019\/01\/emaprice-falcade-27.01.2019-SOCIETA-1536x1152.jpeg 1536w, https:\/\/comitati.fisi.org\/veneto\/wp-content\/uploads\/sites\/39\/2019\/01\/emaprice-falcade-27.01.2019-SOCIETA.jpeg 1600w\" sizes=\"(max-width: 1024px) 100vw, 1024px\" \/><\/figure><\/li><\/ul>\n","protected":false},"excerpt":{"rendered":"<p>Oggi sulla pista Panoramica di Falcade si \u00e8 svolto lo slalom del Grand Prix E.ma.pri.ce. per la circoscrizione Belluno Bassa. Vittoria tra le societ\u00e0 per il Limana davanti a Nevegal e alla societ\u00e0 organizzatrice, lo Sci club Val Biois. In allegato i dettagli.<\/p>\n","protected":false},"author":4,"featured_media":3342,"comment_status":"closed","ping_status":"open","sticky":false,"template":"","format":"standard","meta":{"_acf_changed":false,"footnotes":""},"categories":[122,120,569,438,274,123,19],"tags":[701,702,703],"acf":[],"_links":{"self":[{"href":"https:\/\/comitati.fisi.org\/veneto\/wp-json\/wp\/v2\/posts\/3338"}],"collection":[{"href":"https:\/\/comitati.fisi.org\/veneto\/wp-json\/wp\/v2\/posts"}],"about":[{"href":"https:\/\/comitati.fisi.org\/veneto\/wp-json\/wp\/v2\/types\/post"}],"author":[{"embeddable":true,"href":"https:\/\/comitati.fisi.org\/veneto\/wp-json\/wp\/v2\/users\/4"}],"replies":[{"embeddable":true,"href":"https:\/\/comitati.fisi.org\/veneto\/wp-json\/wp\/v2\/comments?post=3338"}],"version-history":[{"count":0,"href":"https:\/\/comitati.fisi.org\/veneto\/wp-json\/wp\/v2\/posts\/3338\/revisions"}],"wp:featuredmedia":[{"embeddable":true,"href":"https:\/\/comitati.fisi.org\/veneto\/wp-json\/wp\/v2\/media\/3342"}],"wp:attachment":[{"href":"https:\/\/comitati.fisi.org\/veneto\/wp-json\/wp\/v2\/media?parent=3338"}],"wp:term":[{"taxonomy":"category","embeddable":true,"href":"https:\/\/comitati.fisi.org\/veneto\/wp-json\/wp\/v2\/categories?post=3338"},{"taxonomy":"post_tag","embeddable":true,"href":"https:\/\/comitati.fisi.org\/veneto\/wp-json\/wp\/v2\/tags?post=3338"}],"curies":[{"name":"wp","href":"https:\/\/api.w.org\/{rel}","templated":true}]}}