{"id":33085,"date":"2026-09-01T18:44:48","date_gmt":"2026-09-01T18:44:48","guid":{"rendered":"https:\/\/comitati.fisi.org\/veneto\/?p=33085"},"modified":"2026-09-01T18:45:15","modified_gmt":"2026-09-01T18:45:15","slug":"alpino-asja-zenere-tra-argentina-e-cile","status":"publish","type":"post","link":"https:\/\/comitati.fisi.org\/veneto\/blog\/2026\/09\/01\/alpino-asja-zenere-tra-argentina-e-cile\/","title":{"rendered":"Alpino, Asja Zenere tra Argentina e Cile"},"content":{"rendered":"\n<p>Da domani, mercoled\u00ec 2, a venerd\u00ec 18 settembre il gruppo della velocit\u00e0 azzurra di Coppa del mondo si allener\u00e0 sulle nevi argentine di Ushuaia, in Argentina. Seguir\u00e0 il trasferimento a La Parva, in Cile, fino a venerd\u00ec 2 ottobre. Il direttore tecnico Gianluca Rulfi ha convocato sette atlete: si tratta di Roberta Melesi, Sara Allemand, Sara Thaler, Nadia Delago, Nicol Delago, Asja Zenere (<em>nell&#8217;immagine Pentaphoto<\/em>) e la rientrante Teresa Runggaldier, la quale torna in pista dopo quasi due stagioni di stop per infortunio. Al loro seguito l\u2019allenatore responsabile Giovanni Feltrin e i tecnici Alberto Parola, Giorgio Pavoni e Paolo Stefanini. Il gruppo raggiunger\u00e0 Sofia Goggia, Marta Bassino, Laura Pirovano e Elena Curtoni, gi\u00e0 presenti in Sudamerica.<\/p>\n","protected":false},"excerpt":{"rendered":"<p>Le velociste azzurre al lavoro a Ushuaia e a La Parva<\/p>\n","protected":false},"author":33,"featured_media":31950,"comment_status":"open","ping_status":"open","sticky":false,"template":"","format":"standard","meta":{"_acf_changed":false,"footnotes":""},"categories":[9,13,14,15,7],"tags":[],"acf":[],"_links":{"self":[{"href":"https:\/\/comitati.fisi.org\/veneto\/wp-json\/wp\/v2\/posts\/33085"}],"collection":[{"href":"https:\/\/comitati.fisi.org\/veneto\/wp-json\/wp\/v2\/posts"}],"about":[{"href":"https:\/\/comitati.fisi.org\/veneto\/wp-json\/wp\/v2\/types\/post"}],"author":[{"embeddable":true,"href":"https:\/\/comitati.fisi.org\/veneto\/wp-json\/wp\/v2\/users\/33"}],"replies":[{"embeddable":true,"href":"https:\/\/comitati.fisi.org\/veneto\/wp-json\/wp\/v2\/comments?post=33085"}],"version-history":[{"count":1,"href":"https:\/\/comitati.fisi.org\/veneto\/wp-json\/wp\/v2\/posts\/33085\/revisions"}],"predecessor-version":[{"id":33086,"href":"https:\/\/comitati.fisi.org\/veneto\/wp-json\/wp\/v2\/posts\/33085\/revisions\/33086"}],"wp:featuredmedia":[{"embeddable":true,"href":"https:\/\/comitati.fisi.org\/veneto\/wp-json\/wp\/v2\/media\/31950"}],"wp:attachment":[{"href":"https:\/\/comitati.fisi.org\/veneto\/wp-json\/wp\/v2\/media?parent=33085"}],"wp:term":[{"taxonomy":"category","embeddable":true,"href":"https:\/\/comitati.fisi.org\/veneto\/wp-json\/wp\/v2\/categories?post=33085"},{"taxonomy":"post_tag","embeddable":true,"href":"https:\/\/comitati.fisi.org\/veneto\/wp-json\/wp\/v2\/tags?post=33085"}],"curies":[{"name":"wp","href":"https:\/\/api.w.org\/{rel}","templated":true}]}}