{"id":33076,"date":"2026-08-31T15:50:50","date_gmt":"2026-08-31T15:50:50","guid":{"rendered":"https:\/\/comitati.fisi.org\/veneto\/?p=33076"},"modified":"2026-08-31T15:53:54","modified_gmt":"2026-08-31T15:53:54","slug":"la-squadra-regionale-per-il-sudtirol-skiroll-festival","status":"publish","type":"post","link":"https:\/\/comitati.fisi.org\/veneto\/blog\/2026\/08\/31\/la-squadra-regionale-per-il-sudtirol-skiroll-festival\/","title":{"rendered":"La squadra regionale per il S\u00fcdtirol Skiroll Festival"},"content":{"rendered":"\n<p>Sono venti i convocati del nostro comitato per il S\u00fcdtirol Skiroll Festival, manifestazione di skiroll valida per la Coppa Italia Rode che prevede sabato 5 settembre una sprint skating ad Anterselva e domenica 6 una prova distance, sempre in skating, a Dobbiaco. Questo il dettaglio: Anna Ravelli, Maria Merlini, Elisa Frigo, Michela Biondini, Marco Dal ben, Thomas Gaole, Davide Capra, Alex Rossi, Filippo Segala, Marco Menia Cadore, Gabriele Pilotto, Nicol\u00f2 Alver\u00e0, Giorgio Piccoliori, Alessia Campostrini, Anna Frigo, Nicol\u00f2 Prati, Leonardo Leso, Alberto Dadi\u00e9, Dylan Andrich, Andrea Bellenzier. I tecnici saranno Fabio Selle, Alberto Pertile e Giacomo Gelmi. <\/p>\n\n\n\n<p>credito fotografico <a href=\"https:\/\/www.suedtirol.info\/\">suedtirol.info<\/a><\/p>\n","protected":false},"excerpt":{"rendered":"<p>L&#8217;evento sar\u00e0 valido per la Coppa Italia Rode e prevede sabato 5 settembre una sprint skating ad Anterselva e domenica 6 una prova distance a Dobbiaco<\/p>\n","protected":false},"author":33,"featured_media":33077,"comment_status":"open","ping_status":"open","sticky":false,"template":"","format":"standard","meta":{"_acf_changed":false,"footnotes":""},"categories":[9,14,15,16,3,6],"tags":[],"acf":[],"_links":{"self":[{"href":"https:\/\/comitati.fisi.org\/veneto\/wp-json\/wp\/v2\/posts\/33076"}],"collection":[{"href":"https:\/\/comitati.fisi.org\/veneto\/wp-json\/wp\/v2\/posts"}],"about":[{"href":"https:\/\/comitati.fisi.org\/veneto\/wp-json\/wp\/v2\/types\/post"}],"author":[{"embeddable":true,"href":"https:\/\/comitati.fisi.org\/veneto\/wp-json\/wp\/v2\/users\/33"}],"replies":[{"embeddable":true,"href":"https:\/\/comitati.fisi.org\/veneto\/wp-json\/wp\/v2\/comments?post=33076"}],"version-history":[{"count":2,"href":"https:\/\/comitati.fisi.org\/veneto\/wp-json\/wp\/v2\/posts\/33076\/revisions"}],"predecessor-version":[{"id":33079,"href":"https:\/\/comitati.fisi.org\/veneto\/wp-json\/wp\/v2\/posts\/33076\/revisions\/33079"}],"wp:featuredmedia":[{"embeddable":true,"href":"https:\/\/comitati.fisi.org\/veneto\/wp-json\/wp\/v2\/media\/33077"}],"wp:attachment":[{"href":"https:\/\/comitati.fisi.org\/veneto\/wp-json\/wp\/v2\/media?parent=33076"}],"wp:term":[{"taxonomy":"category","embeddable":true,"href":"https:\/\/comitati.fisi.org\/veneto\/wp-json\/wp\/v2\/categories?post=33076"},{"taxonomy":"post_tag","embeddable":true,"href":"https:\/\/comitati.fisi.org\/veneto\/wp-json\/wp\/v2\/tags?post=33076"}],"curies":[{"name":"wp","href":"https:\/\/api.w.org\/{rel}","templated":true}]}}