{"id":3275,"date":"2019-01-27T13:04:10","date_gmt":"2019-01-27T13:04:10","guid":{"rendered":"http:\/\/www.fisiveneto.com\/?p=3275"},"modified":"2019-01-27T13:04:10","modified_gmt":"2019-01-27T13:04:10","slug":"grand-prix-e-ma-pri-ce-sulla-olympia-delle-tofane-lo-sci-club-cortina-e-formato-gigante","status":"publish","type":"post","link":"https:\/\/comitati.fisi.org\/veneto\/blog\/2019\/01\/27\/grand-prix-e-ma-pri-ce-sulla-olympia-delle-tofane-lo-sci-club-cortina-e-formato-gigante\/","title":{"rendered":"Grand Prix E.Ma.Pri.Ce., sulla Olympia delle Tofane lo Sci club Cortina \u00e8 formato gigante"},"content":{"rendered":"\n<p>Sci club Cortina formato gigante oggi sull&#8217;Olympia delle Tofane dove lo stesso sodalizio presieduto da Igor Ghedina ha proposto un gigante del Grand Prix E.Ma.Pri.Ce., circoscrizione Belluno Alta. Sulla pista di casa, che la settimana scorsa ha ospitato la Coppa del mondo femminile, il club ampezzano ha conquistato tre successi individuali e la vittoria nella graduatoria per societ\u00e0. Tra le Ragazze il successo \u00e8  andato a Emma Parisotto (Cortina) che ha preceduto Camilla Vanni (Drusci\u00e8) e Camilla Gandini (Cortina) mentre tra i Ragazzi Vittorio De Pieri (Drusci\u00e8) ha avuto la meglio su Edoardo Baldo (Cortina) e Alessandro Guerresco (Drusci\u00e8). Giorgio Baldo ha vinto il gigante Allievi precedendo Lorenzo Salvati (Drusci\u00e8) e Alessandro Bertagnolli (Cortina). Gaia Viel (Cortina) \u00e8 stata la pi\u00f9 brava tra le Allieve. Con lei sul podio anche Francesca Trentin (Sc 18) e Zoe Tessarolo (Drusci\u00e8). <em>In allegato le classifiche e le foto dei podi.<\/em> <\/p>\n\n\n\n<div class=\"wp-block-file\"><a href=\"http:\/\/comitati.fisi.org\/veneto\/wp-content\/uploads\/sites\/39\/2019\/01\/Classifica-societa-1.pdf\">Classifica-societ\u00e0-1<\/a><a href=\"http:\/\/comitati.fisi.org\/veneto\/wp-content\/uploads\/sites\/39\/2019\/01\/Classifica-societa-1.pdf\" class=\"wp-block-file__button\" download>Download<\/a><\/div>\n\n\n\n<div class=\"wp-block-file\"><a href=\"http:\/\/comitati.fisi.org\/veneto\/wp-content\/uploads\/sites\/39\/2019\/01\/Classifica-ufficialeRAGAZZI.pdf\">Classifica-ufficialeRAGAZZI<\/a><a href=\"http:\/\/comitati.fisi.org\/veneto\/wp-content\/uploads\/sites\/39\/2019\/01\/Classifica-ufficialeRAGAZZI.pdf\" class=\"wp-block-file__button\" download>Download<\/a><\/div>\n\n\n\n<div class=\"wp-block-file\"><a href=\"http:\/\/comitati.fisi.org\/veneto\/wp-content\/uploads\/sites\/39\/2019\/01\/Classifica-ufficialeALLIEVI.pdf\">Classifica-ufficialeALLIEVI<\/a><a href=\"http:\/\/comitati.fisi.org\/veneto\/wp-content\/uploads\/sites\/39\/2019\/01\/Classifica-ufficialeALLIEVI.pdf\" class=\"wp-block-file__button\" download>Download<\/a><\/div>\n\n\n\n<ul class=\"wp-block-gallery columns-3 is-cropped wp-block-gallery-1 is-layout-flex wp-block-gallery-is-layout-flex\"><li class=\"blocks-gallery-item\"><figure><img loading=\"lazy\" decoding=\"async\" width=\"1024\" height=\"576\" src=\"http:\/\/www.fisiveneto.com\/wp-content\/uploads\/2019\/01\/emaprice-cortina-PODIO-ALLIEVE-27.01.2019-1024x576.jpeg\" alt=\"\" data-id=\"3278\" data-link=\"http:\/\/www.fisiveneto.com\/2019\/01\/27\/grand-prix-e-ma-pri-ce-sulla-olympia-delle-tofane-lo-sci-club-cortina-e-formato-gigante\/emaprice-cortina-podio-allieve-27-01-2019\/\" class=\"wp-image-3278\" srcset=\"https:\/\/comitati.fisi.org\/veneto\/wp-content\/uploads\/sites\/39\/2019\/01\/emaprice-cortina-PODIO-ALLIEVE-27.01.2019-1024x576.jpeg 1024w, https:\/\/comitati.fisi.org\/veneto\/wp-content\/uploads\/sites\/39\/2019\/01\/emaprice-cortina-PODIO-ALLIEVE-27.01.2019-300x169.jpeg 300w, https:\/\/comitati.fisi.org\/veneto\/wp-content\/uploads\/sites\/39\/2019\/01\/emaprice-cortina-PODIO-ALLIEVE-27.01.2019-768x432.jpeg 768w, https:\/\/comitati.fisi.org\/veneto\/wp-content\/uploads\/sites\/39\/2019\/01\/emaprice-cortina-PODIO-ALLIEVE-27.01.2019-1536x864.jpeg 1536w, https:\/\/comitati.fisi.org\/veneto\/wp-content\/uploads\/sites\/39\/2019\/01\/emaprice-cortina-PODIO-ALLIEVE-27.01.2019.jpeg 1600w\" sizes=\"(max-width: 1024px) 100vw, 1024px\" \/><\/figure><\/li><li class=\"blocks-gallery-item\"><figure><img loading=\"lazy\" decoding=\"async\" width=\"1024\" height=\"576\" src=\"http:\/\/www.fisiveneto.com\/wp-content\/uploads\/2019\/01\/emaprice-cortina-podio-ALLIEVI-27.01.2019-1024x576.jpeg\" alt=\"\" data-id=\"3279\" data-link=\"http:\/\/www.fisiveneto.com\/2019\/01\/27\/grand-prix-e-ma-pri-ce-sulla-olympia-delle-tofane-lo-sci-club-cortina-e-formato-gigante\/emaprice-cortina-podio-allievi-27-01-2019\/\" class=\"wp-image-3279\" srcset=\"https:\/\/comitati.fisi.org\/veneto\/wp-content\/uploads\/sites\/39\/2019\/01\/emaprice-cortina-podio-ALLIEVI-27.01.2019-1024x576.jpeg 1024w, https:\/\/comitati.fisi.org\/veneto\/wp-content\/uploads\/sites\/39\/2019\/01\/emaprice-cortina-podio-ALLIEVI-27.01.2019-300x169.jpeg 300w, https:\/\/comitati.fisi.org\/veneto\/wp-content\/uploads\/sites\/39\/2019\/01\/emaprice-cortina-podio-ALLIEVI-27.01.2019-768x432.jpeg 768w, https:\/\/comitati.fisi.org\/veneto\/wp-content\/uploads\/sites\/39\/2019\/01\/emaprice-cortina-podio-ALLIEVI-27.01.2019-1536x864.jpeg 1536w, https:\/\/comitati.fisi.org\/veneto\/wp-content\/uploads\/sites\/39\/2019\/01\/emaprice-cortina-podio-ALLIEVI-27.01.2019.jpeg 1600w\" sizes=\"(max-width: 1024px) 100vw, 1024px\" \/><\/figure><\/li><li class=\"blocks-gallery-item\"><figure><img loading=\"lazy\" decoding=\"async\" width=\"1024\" height=\"576\" src=\"http:\/\/www.fisiveneto.com\/wp-content\/uploads\/2019\/01\/emaprice-cortina-podio-RAGAZZE-27.01.2019-1024x576.jpeg\" alt=\"\" data-id=\"3280\" data-link=\"http:\/\/www.fisiveneto.com\/2019\/01\/27\/grand-prix-e-ma-pri-ce-sulla-olympia-delle-tofane-lo-sci-club-cortina-e-formato-gigante\/emaprice-cortina-podio-ragazze-27-01-2019\/\" class=\"wp-image-3280\" srcset=\"https:\/\/comitati.fisi.org\/veneto\/wp-content\/uploads\/sites\/39\/2019\/01\/emaprice-cortina-podio-RAGAZZE-27.01.2019-1024x576.jpeg 1024w, https:\/\/comitati.fisi.org\/veneto\/wp-content\/uploads\/sites\/39\/2019\/01\/emaprice-cortina-podio-RAGAZZE-27.01.2019-300x169.jpeg 300w, https:\/\/comitati.fisi.org\/veneto\/wp-content\/uploads\/sites\/39\/2019\/01\/emaprice-cortina-podio-RAGAZZE-27.01.2019-768x432.jpeg 768w, https:\/\/comitati.fisi.org\/veneto\/wp-content\/uploads\/sites\/39\/2019\/01\/emaprice-cortina-podio-RAGAZZE-27.01.2019-1536x864.jpeg 1536w, https:\/\/comitati.fisi.org\/veneto\/wp-content\/uploads\/sites\/39\/2019\/01\/emaprice-cortina-podio-RAGAZZE-27.01.2019.jpeg 1600w\" sizes=\"(max-width: 1024px) 100vw, 1024px\" \/><\/figure><\/li><li class=\"blocks-gallery-item\"><figure><img loading=\"lazy\" decoding=\"async\" width=\"1024\" height=\"576\" src=\"http:\/\/www.fisiveneto.com\/wp-content\/uploads\/2019\/01\/emaprice-cortina-podio-RAGAZZI-27.01.2019-1024x576.jpeg\" alt=\"\" data-id=\"3281\" data-link=\"http:\/\/www.fisiveneto.com\/2019\/01\/27\/grand-prix-e-ma-pri-ce-sulla-olympia-delle-tofane-lo-sci-club-cortina-e-formato-gigante\/emaprice-cortina-podio-ragazzi-27-01-2019\/\" class=\"wp-image-3281\" srcset=\"https:\/\/comitati.fisi.org\/veneto\/wp-content\/uploads\/sites\/39\/2019\/01\/emaprice-cortina-podio-RAGAZZI-27.01.2019-1024x576.jpeg 1024w, https:\/\/comitati.fisi.org\/veneto\/wp-content\/uploads\/sites\/39\/2019\/01\/emaprice-cortina-podio-RAGAZZI-27.01.2019-300x169.jpeg 300w, https:\/\/comitati.fisi.org\/veneto\/wp-content\/uploads\/sites\/39\/2019\/01\/emaprice-cortina-podio-RAGAZZI-27.01.2019-768x432.jpeg 768w, https:\/\/comitati.fisi.org\/veneto\/wp-content\/uploads\/sites\/39\/2019\/01\/emaprice-cortina-podio-RAGAZZI-27.01.2019-1536x864.jpeg 1536w, https:\/\/comitati.fisi.org\/veneto\/wp-content\/uploads\/sites\/39\/2019\/01\/emaprice-cortina-podio-RAGAZZI-27.01.2019.jpeg 1600w\" sizes=\"(max-width: 1024px) 100vw, 1024px\" \/><\/figure><\/li><li class=\"blocks-gallery-item\"><figure><img loading=\"lazy\" decoding=\"async\" width=\"1024\" height=\"576\" src=\"http:\/\/www.fisiveneto.com\/wp-content\/uploads\/2019\/01\/emaprice-cortina-podio-squadre-27.01.2019-1-1024x576.jpeg\" alt=\"\" data-id=\"3282\" data-link=\"http:\/\/www.fisiveneto.com\/2019\/01\/27\/grand-prix-e-ma-pri-ce-sulla-olympia-delle-tofane-lo-sci-club-cortina-e-formato-gigante\/emaprice-cortina-podio-squadre-27-01-2019-1\/\" class=\"wp-image-3282\" srcset=\"https:\/\/comitati.fisi.org\/veneto\/wp-content\/uploads\/sites\/39\/2019\/01\/emaprice-cortina-podio-squadre-27.01.2019-1-1024x576.jpeg 1024w, https:\/\/comitati.fisi.org\/veneto\/wp-content\/uploads\/sites\/39\/2019\/01\/emaprice-cortina-podio-squadre-27.01.2019-1-300x169.jpeg 300w, https:\/\/comitati.fisi.org\/veneto\/wp-content\/uploads\/sites\/39\/2019\/01\/emaprice-cortina-podio-squadre-27.01.2019-1-768x432.jpeg 768w, https:\/\/comitati.fisi.org\/veneto\/wp-content\/uploads\/sites\/39\/2019\/01\/emaprice-cortina-podio-squadre-27.01.2019-1-1536x864.jpeg 1536w, https:\/\/comitati.fisi.org\/veneto\/wp-content\/uploads\/sites\/39\/2019\/01\/emaprice-cortina-podio-squadre-27.01.2019-1.jpeg 1600w\" sizes=\"(max-width: 1024px) 100vw, 1024px\" \/><\/figure><\/li><\/ul>\n\n\n\n<p><\/p>\n","protected":false},"excerpt":{"rendered":"<p>Sci club Cortina formato gigante oggi sull&#8217;Olympia delle Tofane dove lo stesso sodalizio presieduto da Igor Ghedina ha proposto un gigante del Grand Prix E.Ma.Pri.Ce., circoscrizione Belluno Alta. Sulla pista di casa, che la settimana scorsa ha ospitato la Coppa del mondo femminile, il club ampezzano ha conquistato tre successi individuali e la vittoria nella graduatoria per societ\u00e0. Tra le&hellip;<\/p>\n","protected":false},"author":4,"featured_media":3276,"comment_status":"closed","ping_status":"open","sticky":false,"template":"","format":"standard","meta":{"_acf_changed":false,"footnotes":""},"categories":[122,9,221,120,208,62,360,14,15,274,19,339],"tags":[],"acf":[],"_links":{"self":[{"href":"https:\/\/comitati.fisi.org\/veneto\/wp-json\/wp\/v2\/posts\/3275"}],"collection":[{"href":"https:\/\/comitati.fisi.org\/veneto\/wp-json\/wp\/v2\/posts"}],"about":[{"href":"https:\/\/comitati.fisi.org\/veneto\/wp-json\/wp\/v2\/types\/post"}],"author":[{"embeddable":true,"href":"https:\/\/comitati.fisi.org\/veneto\/wp-json\/wp\/v2\/users\/4"}],"replies":[{"embeddable":true,"href":"https:\/\/comitati.fisi.org\/veneto\/wp-json\/wp\/v2\/comments?post=3275"}],"version-history":[{"count":0,"href":"https:\/\/comitati.fisi.org\/veneto\/wp-json\/wp\/v2\/posts\/3275\/revisions"}],"wp:featuredmedia":[{"embeddable":true,"href":"https:\/\/comitati.fisi.org\/veneto\/wp-json\/wp\/v2\/media\/3276"}],"wp:attachment":[{"href":"https:\/\/comitati.fisi.org\/veneto\/wp-json\/wp\/v2\/media?parent=3275"}],"wp:term":[{"taxonomy":"category","embeddable":true,"href":"https:\/\/comitati.fisi.org\/veneto\/wp-json\/wp\/v2\/categories?post=3275"},{"taxonomy":"post_tag","embeddable":true,"href":"https:\/\/comitati.fisi.org\/veneto\/wp-json\/wp\/v2\/tags?post=3275"}],"curies":[{"name":"wp","href":"https:\/\/api.w.org\/{rel}","templated":true}]}}