{"id":3236,"date":"2019-01-26T19:04:03","date_gmt":"2019-01-26T19:04:03","guid":{"rendered":"http:\/\/www.fisiveneto.com\/?p=3236"},"modified":"2019-01-26T19:04:03","modified_gmt":"2019-01-26T19:04:03","slug":"domani-lesordio-di-elena-dolmen-in-coppa-del-mondo","status":"publish","type":"post","link":"https:\/\/comitati.fisi.org\/veneto\/blog\/2019\/01\/26\/domani-lesordio-di-elena-dolmen-in-coppa-del-mondo\/","title":{"rendered":"Domani l&#8217;esordio di Elena Dolmen in Coppa del mondo"},"content":{"rendered":"\n<p>Esordir\u00e0 domani mattina in Coppa del Mondo, Elena Dolmen. La ragazza cresciuta nello Sci club Domegge sar\u00e0 al via della discesa di Garmisch prevista per le 11.30. Il suo pettorale sar\u00e0 il 46. Oggi, a Garmisch, si \u00e8 svolto il superG che ha visto il secondo posto della rientrante Sofia Goggia e il quarto dii Federica Brignone. <\/p>\n\n\n\n<p>Qui<\/p>\n","protected":false},"excerpt":{"rendered":"<p>Esordir\u00e0 domani mattina in Coppa del Mondo, Elena Dolmen. La ragazza cresciuta nello Sci club Domegge sar\u00e0 al via della discesa di Garmisch prevista per le 11.30. Il suo pettorale sar\u00e0 il 46. Oggi, a Garmisch, si \u00e8 svolto il superG che ha visto il secondo posto della rientrante Sofia Goggia e il quarto dii Federica Brignone. Qui<\/p>\n","protected":false},"author":4,"featured_media":3048,"comment_status":"closed","ping_status":"open","sticky":false,"template":"","format":"standard","meta":{"_acf_changed":false,"footnotes":""},"categories":[1],"tags":[],"acf":[],"_links":{"self":[{"href":"https:\/\/comitati.fisi.org\/veneto\/wp-json\/wp\/v2\/posts\/3236"}],"collection":[{"href":"https:\/\/comitati.fisi.org\/veneto\/wp-json\/wp\/v2\/posts"}],"about":[{"href":"https:\/\/comitati.fisi.org\/veneto\/wp-json\/wp\/v2\/types\/post"}],"author":[{"embeddable":true,"href":"https:\/\/comitati.fisi.org\/veneto\/wp-json\/wp\/v2\/users\/4"}],"replies":[{"embeddable":true,"href":"https:\/\/comitati.fisi.org\/veneto\/wp-json\/wp\/v2\/comments?post=3236"}],"version-history":[{"count":0,"href":"https:\/\/comitati.fisi.org\/veneto\/wp-json\/wp\/v2\/posts\/3236\/revisions"}],"wp:featuredmedia":[{"embeddable":true,"href":"https:\/\/comitati.fisi.org\/veneto\/wp-json\/wp\/v2\/media\/3048"}],"wp:attachment":[{"href":"https:\/\/comitati.fisi.org\/veneto\/wp-json\/wp\/v2\/media?parent=3236"}],"wp:term":[{"taxonomy":"category","embeddable":true,"href":"https:\/\/comitati.fisi.org\/veneto\/wp-json\/wp\/v2\/categories?post=3236"},{"taxonomy":"post_tag","embeddable":true,"href":"https:\/\/comitati.fisi.org\/veneto\/wp-json\/wp\/v2\/tags?post=3236"}],"curies":[{"name":"wp","href":"https:\/\/api.w.org\/{rel}","templated":true}]}}