{"id":31990,"date":"2026-03-11T15:46:47","date_gmt":"2026-03-11T15:46:47","guid":{"rendered":"https:\/\/comitati.fisi.org\/veneto\/?p=31990"},"modified":"2026-03-12T12:19:53","modified_gmt":"2026-03-12T12:19:53","slug":"lo-sci-veneto-piange-la-morte-di-michele-cavallero","status":"publish","type":"post","link":"https:\/\/comitati.fisi.org\/veneto\/blog\/2026\/03\/11\/lo-sci-veneto-piange-la-morte-di-michele-cavallero\/","title":{"rendered":"Lo sci veneto piange la morte di Michele Cavallero"},"content":{"rendered":"\n<p>Lo sci veneto piange Michele Cavallero. Imprenditore trevigiano, 65 anni, Cavallero era un grande appassionato della montagna e della neve. Maestro di sci e allenatore, lo scorso 1 marzo \u00e8 stato colpito da un malore mentre si trovava a Cortina. Trasportato all&#8217;ospedale di Belluno, \u00e8 deceduto nelle ore scorse. I funerali si svolgeranno venerd\u00ec, 13 marzo, nella basilica dei Santi Filippo e Giacomo a Cortina.<\/p>\n\n\n\n<p>Ai familiari di Michele, da parte del presidente Roberto Visentin e di tutto il consiglio regionale Fisi, giungano le pi\u00f9 sentite condoglianze. <\/p>\n","protected":false},"excerpt":{"rendered":"<p>I funerali si svolgeranno venerd\u00ec, 13 marzo, nella basilica dei Santi Filippo e Giacomo a Cortina<\/p>\n","protected":false},"author":33,"featured_media":29222,"comment_status":"open","ping_status":"open","sticky":false,"template":"","format":"standard","meta":{"_acf_changed":false,"footnotes":""},"categories":[14,15,3],"tags":[],"acf":[],"_links":{"self":[{"href":"https:\/\/comitati.fisi.org\/veneto\/wp-json\/wp\/v2\/posts\/31990"}],"collection":[{"href":"https:\/\/comitati.fisi.org\/veneto\/wp-json\/wp\/v2\/posts"}],"about":[{"href":"https:\/\/comitati.fisi.org\/veneto\/wp-json\/wp\/v2\/types\/post"}],"author":[{"embeddable":true,"href":"https:\/\/comitati.fisi.org\/veneto\/wp-json\/wp\/v2\/users\/33"}],"replies":[{"embeddable":true,"href":"https:\/\/comitati.fisi.org\/veneto\/wp-json\/wp\/v2\/comments?post=31990"}],"version-history":[{"count":4,"href":"https:\/\/comitati.fisi.org\/veneto\/wp-json\/wp\/v2\/posts\/31990\/revisions"}],"predecessor-version":[{"id":31994,"href":"https:\/\/comitati.fisi.org\/veneto\/wp-json\/wp\/v2\/posts\/31990\/revisions\/31994"}],"wp:featuredmedia":[{"embeddable":true,"href":"https:\/\/comitati.fisi.org\/veneto\/wp-json\/wp\/v2\/media\/29222"}],"wp:attachment":[{"href":"https:\/\/comitati.fisi.org\/veneto\/wp-json\/wp\/v2\/media?parent=31990"}],"wp:term":[{"taxonomy":"category","embeddable":true,"href":"https:\/\/comitati.fisi.org\/veneto\/wp-json\/wp\/v2\/categories?post=31990"},{"taxonomy":"post_tag","embeddable":true,"href":"https:\/\/comitati.fisi.org\/veneto\/wp-json\/wp\/v2\/tags?post=31990"}],"curies":[{"name":"wp","href":"https:\/\/api.w.org\/{rel}","templated":true}]}}