{"id":31966,"date":"2026-03-10T15:39:59","date_gmt":"2026-03-10T15:39:59","guid":{"rendered":"https:\/\/comitati.fisi.org\/veneto\/?p=31966"},"modified":"2026-03-10T17:11:36","modified_gmt":"2026-03-10T17:11:36","slug":"fondo-i-convocati-per-i-campionati-italiani-ragazzi","status":"publish","type":"post","link":"https:\/\/comitati.fisi.org\/veneto\/blog\/2026\/03\/10\/fondo-i-convocati-per-i-campionati-italiani-ragazzi\/","title":{"rendered":"Fondo, i convocati per i Campionati italiani Ragazzi"},"content":{"rendered":"\n<p>Da venerd\u00ec 13 a domenica 15 marzo la pista del Passo Cereda ospiter\u00e0 il Campionato italiano di fondo della categoria Ragazzi (under 14). Per venerd\u00ec \u00e8 prevista la gimkana cross skating, per sabato le prove su distanza in tecnica classica, per domenica le staffette. <\/p>\n\n\n\n<p><strong>Squadra Femminile<\/strong><br>DADIE\u2019 VANESSA 2012 SCI CLUB CORTINA<br>MASSELLA ANNA 2013 SCI CLUB BOSCO LESSINIA<br>SARTORI GIORGIA RITA 2012 2A ASIAGO ALTOPIANO<br>CORBELLARI MARIA 2013 SCI CLUB BOSCO LESSINIA<br>CANTERI LUCIA MARIA 2012 SCI CLUB BOSCO LESSINIA<br>TAGLIARO GIOIA 2013 SCI CLUB GALLIO<br>BIGONTINA DESIRE\u2019 2013 SCI CLUB CORTINA<br>BORTOLI FLAVIA 2013 SCI CLUB VAL BIOIS<br>COSTANTIN MARINA 2012 SCI CLUB VAL ZOLDANA<br>PANTE MOIRA 2013 POLISPORTIVA SOVRAMONTE<br>ZANELLA GRETA 2012 ENAL SPORT VILLAGA<br>BRUNELLI BIANCA 2012 ORSI BIANCHI<br>CALGARO MARISOL 2013 VAL MAGNABOSCHI<br>GUGLIELMINI BEATRICE 2012 ORSI BIANCHI<br>PANCIERA MICHELLE 2012 SCI CLUB VAL ZOLDANA<br>ARTICO VIOLA 2013 SCI CLUB VAL BIOIS<br>MALACARNE AURORA 2013 ENAL SPORT VILLAGA<br>LONGHINI GIOVANNA 2012 U.S. ASIAGO SCI<br>DAVIDE ILARIA 2013 SCI CLUB VALZOLDANA<br>PEZZIN AGATA 2012 SCI CLUB GALLIO<\/p>\n\n\n\n<p><br><strong>Squadra Maschile<\/strong><br>MANEA THOMAS 2012 2A ASIAGO ALTOPIANO<br>SHABI ALEXANDER 2012 SCI CLUB VAL BIOIS<br>SARTORI RICCARDO 2012 2A ASIAGO ALTOPIANO<br>MELOTTI PIETRO 2012 SCI CLUB BOSCO LESSINIA<br>ALVERA\u2019 NICOLO\u2019 2012 SCI CLUB CORTINA<br>BAU\u2019 PIETRO 2012 2A ASIAGO ALTOPIANO<br>MOLIN PRADEL RICCARDO 2012 SCI CLUB VAL ZOLDANA<br>CASAGRANDE ANDREA 2012 SCI CLUB ORSAGO<br>CAGNATI ANDREA 2012 SCI CLUB CORTINA<br>ARMELLIN FILIPPO 2012 SCI CLUB ORSAGO<br>GALLON MATTIA 2012 G.S. CASTIONESE<br>MOINO ROBERTO 2013 ENAL SPORT VILLAGA<br>CAMPARA LORENZO 2012 ORSI BIANCHI<br>MORETTI TOMMASO 2013 SCI CLUB VAL BIOIS<br>ZAMBELLI ALEC 2013 SCI CLUB CORTINA<br>CAGNATI THOMAS 2013 SCI CLUB VAL BIOIS<br>FORTE GIOVANNI 2013 2A ASIAGO ALTOPIANO<br>PESCHIUTA CRISTIAN 2012 NORDICO MARMOLADA<br>CARBOGNO MARCO 2012 U.S. VALPADOLA<br>BELLENZIER NICOLO\u2019 2013 SCI CLUB VAL BIOIS<\/p>\n","protected":false},"excerpt":{"rendered":"<p>Da venerd\u00ec 13 a domenica 15 marzo al Passo Cereda <\/p>\n","protected":false},"author":33,"featured_media":8147,"comment_status":"open","ping_status":"open","sticky":false,"template":"","format":"standard","meta":{"_acf_changed":false,"footnotes":""},"categories":[9,58,14,15,7,3],"tags":[],"acf":[],"_links":{"self":[{"href":"https:\/\/comitati.fisi.org\/veneto\/wp-json\/wp\/v2\/posts\/31966"}],"collection":[{"href":"https:\/\/comitati.fisi.org\/veneto\/wp-json\/wp\/v2\/posts"}],"about":[{"href":"https:\/\/comitati.fisi.org\/veneto\/wp-json\/wp\/v2\/types\/post"}],"author":[{"embeddable":true,"href":"https:\/\/comitati.fisi.org\/veneto\/wp-json\/wp\/v2\/users\/33"}],"replies":[{"embeddable":true,"href":"https:\/\/comitati.fisi.org\/veneto\/wp-json\/wp\/v2\/comments?post=31966"}],"version-history":[{"count":3,"href":"https:\/\/comitati.fisi.org\/veneto\/wp-json\/wp\/v2\/posts\/31966\/revisions"}],"predecessor-version":[{"id":31969,"href":"https:\/\/comitati.fisi.org\/veneto\/wp-json\/wp\/v2\/posts\/31966\/revisions\/31969"}],"wp:featuredmedia":[{"embeddable":true,"href":"https:\/\/comitati.fisi.org\/veneto\/wp-json\/wp\/v2\/media\/8147"}],"wp:attachment":[{"href":"https:\/\/comitati.fisi.org\/veneto\/wp-json\/wp\/v2\/media?parent=31966"}],"wp:term":[{"taxonomy":"category","embeddable":true,"href":"https:\/\/comitati.fisi.org\/veneto\/wp-json\/wp\/v2\/categories?post=31966"},{"taxonomy":"post_tag","embeddable":true,"href":"https:\/\/comitati.fisi.org\/veneto\/wp-json\/wp\/v2\/tags?post=31966"}],"curies":[{"name":"wp","href":"https:\/\/api.w.org\/{rel}","templated":true}]}}