{"id":31930,"date":"2026-03-08T16:48:06","date_gmt":"2026-03-08T16:48:06","guid":{"rendered":"https:\/\/comitati.fisi.org\/veneto\/?p=31930"},"modified":"2026-03-08T16:48:07","modified_gmt":"2026-03-08T16:48:07","slug":"fondo-elia-barp-ancora-grande-in-coppa-sesto-nella-10-km-in-classico-di-lahti","status":"publish","type":"post","link":"https:\/\/comitati.fisi.org\/veneto\/blog\/2026\/03\/08\/fondo-elia-barp-ancora-grande-in-coppa-sesto-nella-10-km-in-classico-di-lahti\/","title":{"rendered":"Fondo, Elia Barp ancora grande in Coppa: sesto nella 10 km in classico di Lahti"},"content":{"rendered":"\n<p>Grande prova per gli azzurri che entrano in forza nella top10 della 10 chilometri in tecnica classica che ha completato la tappa di Coppa del Mondo di Lahti, in Finlandia: Elia Barp \u00e8 sesto, Federico Pellegrino settimo con Davide Graz nono.<\/p>\n\n\n\n<p>Ad imporsi, ancora una volta, \u00e8 uno Johannes Kl\u00e6bo sempre pi\u00f9 ingiocabile: 23\u201922\u20336 il riscontro del fenomeno norvegese che lascia a 22\u20331 il connazionale Martin Nyenget e a 33\u20339 il russo Savelii Korostelev, con i due finnici padroni di casa Aris Ruuskanen e Iivo Niskanen ai piedi del podio.<\/p>\n\n\n\n<p>E appena dietro, ecco gli azzurri: Elia Barp con un gap di 46\u20338 \u00e8 sesto a soli tredici secondi dal podio, con Pellegrino alle sue spalle (+52\u20334) e Graz a propria volta sopra le righe col nono posto a 53\u20339.<\/p>\n\n\n\n<p>Per Barp si tratta della seconda presenza stagionale tra i migliori 6 in questo format di gara dopo il quarto posto di Oberhof, a gennaio, quando Pellegrino era stato ottavo.<br>Il bottino azzurro di giornata si completa con i positivi risultati anche di Martino Carollo, diciottesimo a 1\u201907\u20333, e di Simone Dapr\u00e0 che \u00e8 22esimo a 1\u201915\u20339; pi\u00f9 attardato Simone Mocellini, 69esimo.<\/p>\n\n\n\n<p>La Coppa del Mondo ora si sposta in Norvegia per la tradizionale sprint in classico di Drammen, gioved\u00ec, seguita nel fine settimana dalle 50km di Holmenkollen.<\/p>\n\n\n\n<p><em>In foto Barp e Graz<\/em><\/p>\n\n\n\n<p><strong><a href=\"https:\/\/live.fis-ski.com\/cc-2256\/results-pda.htm\">Ordine d\u2019arrivo 10 km TC femminile Cdm di Lahti (Fin)<\/a><\/strong><\/p>\n","protected":false},"excerpt":{"rendered":"<p>Grande prova di squadra con Pellegrino settimo e Graz nono<\/p>\n","protected":false},"author":33,"featured_media":22865,"comment_status":"open","ping_status":"open","sticky":false,"template":"","format":"standard","meta":{"_acf_changed":false,"footnotes":""},"categories":[9,14,15,7],"tags":[12],"acf":[],"_links":{"self":[{"href":"https:\/\/comitati.fisi.org\/veneto\/wp-json\/wp\/v2\/posts\/31930"}],"collection":[{"href":"https:\/\/comitati.fisi.org\/veneto\/wp-json\/wp\/v2\/posts"}],"about":[{"href":"https:\/\/comitati.fisi.org\/veneto\/wp-json\/wp\/v2\/types\/post"}],"author":[{"embeddable":true,"href":"https:\/\/comitati.fisi.org\/veneto\/wp-json\/wp\/v2\/users\/33"}],"replies":[{"embeddable":true,"href":"https:\/\/comitati.fisi.org\/veneto\/wp-json\/wp\/v2\/comments?post=31930"}],"version-history":[{"count":1,"href":"https:\/\/comitati.fisi.org\/veneto\/wp-json\/wp\/v2\/posts\/31930\/revisions"}],"predecessor-version":[{"id":31931,"href":"https:\/\/comitati.fisi.org\/veneto\/wp-json\/wp\/v2\/posts\/31930\/revisions\/31931"}],"wp:featuredmedia":[{"embeddable":true,"href":"https:\/\/comitati.fisi.org\/veneto\/wp-json\/wp\/v2\/media\/22865"}],"wp:attachment":[{"href":"https:\/\/comitati.fisi.org\/veneto\/wp-json\/wp\/v2\/media?parent=31930"}],"wp:term":[{"taxonomy":"category","embeddable":true,"href":"https:\/\/comitati.fisi.org\/veneto\/wp-json\/wp\/v2\/categories?post=31930"},{"taxonomy":"post_tag","embeddable":true,"href":"https:\/\/comitati.fisi.org\/veneto\/wp-json\/wp\/v2\/tags?post=31930"}],"curies":[{"name":"wp","href":"https:\/\/api.w.org\/{rel}","templated":true}]}}