{"id":31910,"date":"2026-03-08T14:50:58","date_gmt":"2026-03-08T14:50:58","guid":{"rendered":"https:\/\/comitati.fisi.org\/veneto\/?p=31910"},"modified":"2026-03-08T14:56:47","modified_gmt":"2026-03-08T14:56:47","slug":"spettacolo-zenere-primo-podio-in-coppa-del-mondo","status":"publish","type":"post","link":"https:\/\/comitati.fisi.org\/veneto\/blog\/2026\/03\/08\/spettacolo-zenere-primo-podio-in-coppa-del-mondo\/","title":{"rendered":"Spettacolo Zenere: primo podio in Coppa del mondo!"},"content":{"rendered":"\n<p>Elena Curtoni mette il punto esclamativo allo splendido week-end della Coppa del mondo femminile in Val di Fassa. Dopo il doppio successo di Laura Pirovano nelle due discese, arriva il trionfo della valtellinese dell\u2019Esercito nel superG che chiude il programma delle gare italiane. Una gara condotta in modo perfetto, con linee strette e velocissime per un tempo finale che non trova avversarie: 1\u201929\u203307. Alle spalle di Curtoni si piazza la norvegese Kaisa Vickhoff Lie, staccata di 26 centesimi. Ma la grande sorpresa arriva da Asja Zenere, che partendo con il pettorale numero 33, trova una splendida discesa e si inserisce al terzo posto ad un solo centesimo dalla norvegese, mettendo a segno il primo podio della carriera.<\/p>\n\n\n\n<p>Robinson, oggi quarta, recupera punti nella classifica di specialit\u00e0, quando manca solo la gara delle finali di Lillehammer, ma il pettorale rosso rimane addosso a Sofia Goggia, oggi non perfetta ma comunque nona. Goggia sale cos\u00ec a 449 punti contro i 386 di Robinson e saranno le uniche due atlete a potersi contendere la coppa.<br>Per Curtoni si tratta del quarto successo in carriera, il secondo in superG, dopo quello di Cortina d\u2019Ampezzo nel \u201922, mentre l\u2019ultima vittoria per la valtellinese risale al 16 dicembre 2022 nella discesa di St. Moritz.<\/p>\n\n\n\n<p>\u201cSapevo di poter fare una bella gara, perch\u00e9 \u00e8 una pista che mi \u00e8 sempre piaciuta \u2013 ha detto Curtoni -. Essere l\u00ec davanti a tutte era tanto tempo che non mi capitava, ma nei giorni scorsi mi sono caricata. Gli ultimi anni sono stati molto tosti, ma oggi sono riuscita a fare quello che volevo. Ci credevo, per\u00f2 quando non riesci a raggiungere il risultato cominciano a subentrare i dubbi. Ma ora sono molto contenta. Ho bisogno di conferme e di supporto, ma sono una che fa le proprie cose da sola. Ho visuto tutta la stagione cercando di godermi gara dopo gara ed ora vado alle finali di Lillehammer su una pista che mi piace\u201d.<\/p>\n\n\n\n<p>\u201cDopo Soldeu mi sono fatta male al ginocchio, ma questa mattina mi sono svegliata bene e sono riuscita a mettere in pista una super gara. Non mi aspettavo di essere terza, ma cos\u00ec \u00e8 ancora pi\u00f9 bello \u2013 ha detto Zenere -. E\u2019 una giornata incredibile. Non avrei mai pensato di fare podio prima in superG che in gigante, che \u00e8 una disciplina che sento pi\u00f9 mia. Su questa pista ci sentiamo particolarmente a casa a San Pellegrino. Non ho mai pensato di non avere le carte per raggiungere il podio. Spero che la mia salute migliori. Se si va forte i risultati arrivano. Ho sempre fatto fatica e ho sempre combattuto per arrivare al risultato. Ora me la godo, e poi come viene viene. Sapevo che avrei potuto fare bene in questi giorni, ma ho avuto problemi con le ginocchia. Poi ho visto questo tracciato e ho detto questo \u00e8 da gigantista: ed \u00e8 saltato fuori\u201d.<\/p>\n\n\n\n<p>Ottavo posto per la nuova stella della velocit\u00e0 azzurra, Laura Pirovano, staccata di 46 centesimi dalla compagna di squadra.<\/p>\n\n\n\n<p>\u201cOggi ho dovuto raschiare il fondo del barile delle energie, ero davvero stanchissima \u2013 ha detto Pirovano -. Finalmente posso lasciarmi andare. Non ho avuto occasione di festeggiare le due vittorie, ma lo far\u00f2 ora. Alle finali far\u00f2 anche il gigante, anche se \u00e8 molto tempo che non lo alleno. Non vedevo l\u2019ora di raggiungere i 500 punti per poter tornare a fare anche questa disciplina, che mi piace molto. Comunque \u00e8 una bellissima giornata anche oggi per l\u2019Italia\u201d.<\/p>\n\n\n\n<p>Dopo il nono posto della Goggia, l\u2019Italia registra il 12\/o posto di Roberta Melesi, che pur con qualche errore contiene in 75 centesimi il ritardo dalla leader.<\/p>\n\n\n\n<p>\u201cHo limitato i danni \u2013 ha detto Goggia -, ma ho avuto delle pessime sensazioni fin dall\u2019inizio. Ho fatto veramente fatica a portare a termine questo superG. Mi dispiace molto di avere fatto cos\u00ec fatica, perch\u00e9 era un bellissimo superG. Oggi non riuscivo a tenere nelle curve, e sul muro era per me impossibile sciare. Ed \u00e8 stato cos\u00ec dal primo giorno. Sono contenta per Elena e per la squadra che in questi giorni ha fatto filotto e sempre delle buone prestazioni\u201d.<\/p>\n\n\n\n<p>Sara Allemand chiude al 26\/o posto, mentre \u00e8 32\/a Sara Thaler, proprio davanti a Nicol Delago. 35\/a Ilaria Ghisalberti. Out, invece, Nadia Delago.<\/p>\n\n\n\n<p>Sono dunque cinque le azzurre che prenderanno parte al superG delle finali: Goggia, Curtoni, Pirovano, Melesi e, grazie al terzo posto odierno, Zenere.<\/p>\n\n\n\n<p><a href=\"https:\/\/live.fis-ski.com\/lv-al0050.htm#\/follow\">Ordine d\u2019arrivo SG femminile Cdm Val di Fassa (Ita)<\/a><\/p>\n\n\n\n<p><\/p>\n\n\n\n<p>credito immagine: Pentaphoto<\/p>\n","protected":false},"excerpt":{"rendered":"<p>Terza nel superG del San Pellegrino<\/p>\n","protected":false},"author":33,"featured_media":31911,"comment_status":"open","ping_status":"open","sticky":false,"template":"","format":"standard","meta":{"_acf_changed":false,"footnotes":""},"categories":[9,14,15,3,5,19,6],"tags":[],"acf":[],"_links":{"self":[{"href":"https:\/\/comitati.fisi.org\/veneto\/wp-json\/wp\/v2\/posts\/31910"}],"collection":[{"href":"https:\/\/comitati.fisi.org\/veneto\/wp-json\/wp\/v2\/posts"}],"about":[{"href":"https:\/\/comitati.fisi.org\/veneto\/wp-json\/wp\/v2\/types\/post"}],"author":[{"embeddable":true,"href":"https:\/\/comitati.fisi.org\/veneto\/wp-json\/wp\/v2\/users\/33"}],"replies":[{"embeddable":true,"href":"https:\/\/comitati.fisi.org\/veneto\/wp-json\/wp\/v2\/comments?post=31910"}],"version-history":[{"count":2,"href":"https:\/\/comitati.fisi.org\/veneto\/wp-json\/wp\/v2\/posts\/31910\/revisions"}],"predecessor-version":[{"id":31913,"href":"https:\/\/comitati.fisi.org\/veneto\/wp-json\/wp\/v2\/posts\/31910\/revisions\/31913"}],"wp:featuredmedia":[{"embeddable":true,"href":"https:\/\/comitati.fisi.org\/veneto\/wp-json\/wp\/v2\/media\/31911"}],"wp:attachment":[{"href":"https:\/\/comitati.fisi.org\/veneto\/wp-json\/wp\/v2\/media?parent=31910"}],"wp:term":[{"taxonomy":"category","embeddable":true,"href":"https:\/\/comitati.fisi.org\/veneto\/wp-json\/wp\/v2\/categories?post=31910"},{"taxonomy":"post_tag","embeddable":true,"href":"https:\/\/comitati.fisi.org\/veneto\/wp-json\/wp\/v2\/tags?post=31910"}],"curies":[{"name":"wp","href":"https:\/\/api.w.org\/{rel}","templated":true}]}}