{"id":31895,"date":"2026-03-07T14:41:34","date_gmt":"2026-03-07T14:41:34","guid":{"rendered":"https:\/\/comitati.fisi.org\/veneto\/?p=31895"},"modified":"2026-03-07T14:43:09","modified_gmt":"2026-03-07T14:43:09","slug":"fondo-gran-bel-9-posto-per-iris-de-martin-a-lahti","status":"publish","type":"post","link":"https:\/\/comitati.fisi.org\/veneto\/blog\/2026\/03\/07\/fondo-gran-bel-9-posto-per-iris-de-martin-a-lahti\/","title":{"rendered":"Fondo, gran bel 9. posto per Iris De Martin a Lahti"},"content":{"rendered":"\n<p>Johannes Kl\u00e6bo e Jonna Sundling hanno vinto la sprint in tecnica libera di Lahti, in Finlandia, in un sabato che ha visto una combattiva Iris De Martin Pinter trovare un prezioso nono posto e Davide Graz chiudere in dodicesima piazza; primo degli esclusi dalle semifinali invece Federico Pellegrino, tredicesimo.<\/p>\n\n\n\n<p>Kl\u00e6bo ha ancora una volta dominato la scena, superando nel turno decisivo il pi\u00f9 giovane connazionale Lars Heggen, mentre alle loro spalle il francese Jules Chappaz riusciva a far sua la terza piazza ai danni dello svizzero Riebli.<\/p>\n\n\n\n<p>Doppietta, ma svedese, anche al femminile, con Sundling e Svahn a prendersi le due posizioni principali, raggiunte sul podio dalla tedesca Coletta Rydzek, lesta ad infilare al fotofinish l\u2019altra svedese Johanna Hagstr\u00f6m.<\/p>\n\n\n\n<p>Dopo aver duellato con la stessa Sundling in batteria e aver meritato il ripescaggio, De Martin Pinter ha dovuto arrendersi in una semifinale che ha coinvolto proprio le tre atlete da podio, oltre a Moa Ilar. Il nono posto \u00e8 comunque importante, mentre Caterina Ganz e Nicole Monsorno si sono fermate nella seconda batteria; out in qualificazione invece Federica Cassol.<\/p>\n\n\n\n<p>Diversi contatti nelle batterie hanno tenuto a lungo in sospeso la questione passaggio del turno al maschile: un buon Michael Hellweger viene retrocesso all\u2019ultimo posto dopo aver chiuso in seconda posizione la sua sfida, mentre Davide Graz e Federico Pellegrino si sono contesi il secondo tempo di ripescaggio. Il sappadino in semifinale pu\u00f2 poco contro Kl\u00e6bo e compagni e si ferma al dodicesimo posto finale; Pellegrino \u00e8 tredicesimo, trentesimo Hellweger, mentre in mattinata Elia Barp e Simone Mocellini si erano fermati in qualificazione per soli tre decimi.<\/p>\n\n\n\n<p>La tappa di Coppa del Mondo di Lahti si completa domani con le due prove individuali in tecnica classica sulla distanza di 10 chilometri.<\/p>\n\n\n\n<p><strong><a href=\"https:\/\/live.fis-ski.com\/cc-2254\/results-pda.htm\">Ordine d\u2019arrivo Sprint TL maschile Cdm di Lahti (Fin)<\/a><\/strong><\/p>\n\n\n\n<p><strong><a href=\"https:\/\/live.fis-ski.com\/cc-2253\/results-pda.htm\">Ordine d\u2019arrivo Sprint TL femminile Cdm di Lahti (Fin)<\/a><\/strong><\/p>\n","protected":false},"excerpt":{"rendered":"<p>Johannes Kl\u00e6bo e Jonna Sundling hanno vinto la sprint in tecnica libera di Lahti, in Finlandia, in un sabato che ha visto una combattiva Iris De Martin Pinter trovare un prezioso nono posto e Davide Graz chiudere in dodicesima piazza; primo degli esclusi dalle semifinali invece Federico Pellegrino, tredicesimo. Kl\u00e6bo ha ancora una volta dominato la scena, superando nel turno&hellip;<\/p>\n","protected":false},"author":33,"featured_media":30683,"comment_status":"open","ping_status":"open","sticky":false,"template":"","format":"standard","meta":{"_acf_changed":false,"footnotes":""},"categories":[9,14,15,7,16],"tags":[],"acf":[],"_links":{"self":[{"href":"https:\/\/comitati.fisi.org\/veneto\/wp-json\/wp\/v2\/posts\/31895"}],"collection":[{"href":"https:\/\/comitati.fisi.org\/veneto\/wp-json\/wp\/v2\/posts"}],"about":[{"href":"https:\/\/comitati.fisi.org\/veneto\/wp-json\/wp\/v2\/types\/post"}],"author":[{"embeddable":true,"href":"https:\/\/comitati.fisi.org\/veneto\/wp-json\/wp\/v2\/users\/33"}],"replies":[{"embeddable":true,"href":"https:\/\/comitati.fisi.org\/veneto\/wp-json\/wp\/v2\/comments?post=31895"}],"version-history":[{"count":1,"href":"https:\/\/comitati.fisi.org\/veneto\/wp-json\/wp\/v2\/posts\/31895\/revisions"}],"predecessor-version":[{"id":31896,"href":"https:\/\/comitati.fisi.org\/veneto\/wp-json\/wp\/v2\/posts\/31895\/revisions\/31896"}],"wp:featuredmedia":[{"embeddable":true,"href":"https:\/\/comitati.fisi.org\/veneto\/wp-json\/wp\/v2\/media\/30683"}],"wp:attachment":[{"href":"https:\/\/comitati.fisi.org\/veneto\/wp-json\/wp\/v2\/media?parent=31895"}],"wp:term":[{"taxonomy":"category","embeddable":true,"href":"https:\/\/comitati.fisi.org\/veneto\/wp-json\/wp\/v2\/categories?post=31895"},{"taxonomy":"post_tag","embeddable":true,"href":"https:\/\/comitati.fisi.org\/veneto\/wp-json\/wp\/v2\/tags?post=31895"}],"curies":[{"name":"wp","href":"https:\/\/api.w.org\/{rel}","templated":true}]}}