{"id":31890,"date":"2026-03-07T14:28:39","date_gmt":"2026-03-07T14:28:39","guid":{"rendered":"https:\/\/comitati.fisi.org\/veneto\/?p=31890"},"modified":"2026-03-07T14:28:39","modified_gmt":"2026-03-07T14:28:39","slug":"fondo-i-risultati-del-campionato-italiano-allievi","status":"publish","type":"post","link":"https:\/\/comitati.fisi.org\/veneto\/blog\/2026\/03\/07\/fondo-i-risultati-del-campionato-italiano-allievi\/","title":{"rendered":"Fondo, i risultati del campionato italiano Allievi"},"content":{"rendered":"\n<p>Oggi a Malga San Giorgio di Boscochiesanuova si \u00e8 svolta la seconda giornata del Campionato italiano Allievi (under 16) di fondo. Come gi\u00e0 ieri, il migliore per il nostro comitato \u00e8 stato Thomas Gaole, degli Orsi Bianchi, settimo. Tra le ragazze, 14.ma Chiara Manea (2 A Asiago). Domani le staffette. <\/p>\n\n\n\n<div data-wp-interactive=\"core\/file\" class=\"wp-block-file\"><object data-wp-bind--hidden=\"!state.hasPdfPreview\"  class=\"wp-block-file__embed\" data=\"https:\/\/comitati.fisi.org\/veneto\/wp-content\/uploads\/sites\/39\/2026\/03\/Cita-U16_A_M_INDIVIDUALE_Classifica-Ufficiosa_7.3.2026.pdf\" type=\"application\/pdf\" style=\"width:100%;height:600px\" aria-label=\"Incorporamento di Cita-U16_A_M_INDIVIDUALE_Classifica-Ufficiosa_7.3.2026.\"><\/object><a id=\"wp-block-file--media-53b70031-5982-420d-9d03-8f4d3343cb47\" href=\"https:\/\/comitati.fisi.org\/veneto\/wp-content\/uploads\/sites\/39\/2026\/03\/Cita-U16_A_M_INDIVIDUALE_Classifica-Ufficiosa_7.3.2026.pdf\">Cita-U16_A_M_INDIVIDUALE_Classifica-Ufficiosa_7.3.2026<\/a><a href=\"https:\/\/comitati.fisi.org\/veneto\/wp-content\/uploads\/sites\/39\/2026\/03\/Cita-U16_A_M_INDIVIDUALE_Classifica-Ufficiosa_7.3.2026.pdf\" class=\"wp-block-file__button wp-element-button\" download aria-describedby=\"wp-block-file--media-53b70031-5982-420d-9d03-8f4d3343cb47\">Download<\/a><\/div>\n\n\n\n<div data-wp-interactive=\"core\/file\" class=\"wp-block-file\"><object data-wp-bind--hidden=\"!state.hasPdfPreview\"  class=\"wp-block-file__embed\" data=\"https:\/\/comitati.fisi.org\/veneto\/wp-content\/uploads\/sites\/39\/2026\/03\/Cita-U16_A_F_INDIVIDUALE_Classifica-Ufficiosa_7.3.2026.pdf\" type=\"application\/pdf\" style=\"width:100%;height:600px\" aria-label=\"Incorporamento di Cita-U16_A_F_INDIVIDUALE_Classifica-Ufficiosa_7.3.2026.\"><\/object><a id=\"wp-block-file--media-17120669-217c-47b5-9855-8dc99b3d18a0\" href=\"https:\/\/comitati.fisi.org\/veneto\/wp-content\/uploads\/sites\/39\/2026\/03\/Cita-U16_A_F_INDIVIDUALE_Classifica-Ufficiosa_7.3.2026.pdf\">Cita-U16_A_F_INDIVIDUALE_Classifica-Ufficiosa_7.3.2026<\/a><a href=\"https:\/\/comitati.fisi.org\/veneto\/wp-content\/uploads\/sites\/39\/2026\/03\/Cita-U16_A_F_INDIVIDUALE_Classifica-Ufficiosa_7.3.2026.pdf\" class=\"wp-block-file__button wp-element-button\" download aria-describedby=\"wp-block-file--media-17120669-217c-47b5-9855-8dc99b3d18a0\">Download<\/a><\/div>\n","protected":false},"excerpt":{"rendered":"<p>Oggi a Malga San Giorgio di Boscochiesanuova si \u00e8 svolta la seconda giornata del Campionato italiano Allievi (under 16) di fondo. Come gi\u00e0 ieri, il migliore per il nostro comitato \u00e8 stato Thomas Gaole, degli Orsi Bianchi, settimo. Tra le ragazze, 14.ma Chiara Manea (2 A Asiago). Domani le staffette.<\/p>\n","protected":false},"author":33,"featured_media":31893,"comment_status":"open","ping_status":"open","sticky":false,"template":"","format":"standard","meta":{"_acf_changed":false,"footnotes":""},"categories":[9,58,14,15,16,5],"tags":[],"acf":[],"_links":{"self":[{"href":"https:\/\/comitati.fisi.org\/veneto\/wp-json\/wp\/v2\/posts\/31890"}],"collection":[{"href":"https:\/\/comitati.fisi.org\/veneto\/wp-json\/wp\/v2\/posts"}],"about":[{"href":"https:\/\/comitati.fisi.org\/veneto\/wp-json\/wp\/v2\/types\/post"}],"author":[{"embeddable":true,"href":"https:\/\/comitati.fisi.org\/veneto\/wp-json\/wp\/v2\/users\/33"}],"replies":[{"embeddable":true,"href":"https:\/\/comitati.fisi.org\/veneto\/wp-json\/wp\/v2\/comments?post=31890"}],"version-history":[{"count":1,"href":"https:\/\/comitati.fisi.org\/veneto\/wp-json\/wp\/v2\/posts\/31890\/revisions"}],"predecessor-version":[{"id":31894,"href":"https:\/\/comitati.fisi.org\/veneto\/wp-json\/wp\/v2\/posts\/31890\/revisions\/31894"}],"wp:featuredmedia":[{"embeddable":true,"href":"https:\/\/comitati.fisi.org\/veneto\/wp-json\/wp\/v2\/media\/31893"}],"wp:attachment":[{"href":"https:\/\/comitati.fisi.org\/veneto\/wp-json\/wp\/v2\/media?parent=31890"}],"wp:term":[{"taxonomy":"category","embeddable":true,"href":"https:\/\/comitati.fisi.org\/veneto\/wp-json\/wp\/v2\/categories?post=31890"},{"taxonomy":"post_tag","embeddable":true,"href":"https:\/\/comitati.fisi.org\/veneto\/wp-json\/wp\/v2\/tags?post=31890"}],"curies":[{"name":"wp","href":"https:\/\/api.w.org\/{rel}","templated":true}]}}