{"id":31820,"date":"2026-03-05T10:43:54","date_gmt":"2026-03-05T10:43:54","guid":{"rendered":"https:\/\/comitati.fisi.org\/veneto\/?p=31820"},"modified":"2026-03-05T15:56:04","modified_gmt":"2026-03-05T15:56:04","slug":"alpino-michelle-dal-farra-seconda-nel-gigante-internazionale-dellalpe-cimbra","status":"publish","type":"post","link":"https:\/\/comitati.fisi.org\/veneto\/blog\/2026\/03\/05\/alpino-michelle-dal-farra-seconda-nel-gigante-internazionale-dellalpe-cimbra\/","title":{"rendered":"Alpino, Michelle Dal Farra seconda nel gigante internazionale dell&#8217;Alpe Cimbra"},"content":{"rendered":"\n<p>Oggi a Folgaria (Trento) si \u00e8 disputata la prima delle due giornate delle fasi internazionali dell&#8217;Alpe Cimbra Fis Children Cup. Per il nostro movimento si \u00e8 iniziato alla grande, con il secondo posto di Michelle Dal Farra (Sci club Limana) nel gigante Ragazze. Sulla pista Agonistica, solamente l\u2019altoatesina Mia Molling \u00e8 riuscita a fare meglio della classe 2012: 62 i centesimi che hanno separato le due \u201cazzurrine\u201d. A completare il podio Elin Durr (Liechtenstein). Sempre nel gigante Ragazze, si \u00e8 dovuta accontentare della 14.ma piazza Sveva Di Gallo, la ragazza dello Sci club Cortina (classe 2013) che alle fasi nazionali aveva colto il secondo posto in gigante e il terzo in slalom.<br>Podio tutto straniero, invece, nello slalom gigante under 14 maschile. Uscito di scena anzitempo il veneziano Gregorio Marabelli Gallo, che aveva trionfato luned\u00ec alle selezioni nazionali, a prendersi l\u2019immagine da copertina \u00e8 stato Noah Crommentuijn. Il giovane belga, alla sua prima esperienza sulle nevi di Folgaria, si \u00e8 appassionato allo sci seguendo in tv i campionati nazionali: quella passione lo ha portato a salire sul gradino pi\u00f9 alto del podio all\u2019Alpe Cimbra Fis Children Cup, primo con il tempo di 57\u201d69 davanti al norvegese Mikkel Topaas Rode (a 0\u201d59) e ai due tedeschi Lorenz Stockl (terzo a 0\u201d71) e Benedikt Knoll (a 1\u201d19).<\/p>\n\n\n\n<p>Domani, venerd\u00ec 6 marzo, si replica con la seconda e ultima giornata di gare: gli under 14 si confronteranno in slalom speciale sulla pista Martinella Nord (con diretta streaming sul sito www.sportcultura.tv), mentre gli under 16 si sfideranno in gigante sulla pista Agonistica.<\/p>\n\n\n\n<div data-wp-interactive=\"core\/file\" class=\"wp-block-file\"><object data-wp-bind--hidden=\"!state.hasPdfPreview\"  class=\"wp-block-file__embed\" data=\"https:\/\/comitati.fisi.org\/veneto\/wp-content\/uploads\/sites\/39\/2026\/03\/Classifiche_Gigante_U14_femminile.pdf\" type=\"application\/pdf\" style=\"width:100%;height:600px\" aria-label=\"Incorporamento di Classifiche_Gigante_U14_femminile.\"><\/object><a id=\"wp-block-file--media-b9ee4cdb-fedf-43dd-a14c-75dd0a76214c\" href=\"https:\/\/comitati.fisi.org\/veneto\/wp-content\/uploads\/sites\/39\/2026\/03\/Classifiche_Gigante_U14_femminile.pdf\">Classifiche_Gigante_U14_femminile<\/a><a href=\"https:\/\/comitati.fisi.org\/veneto\/wp-content\/uploads\/sites\/39\/2026\/03\/Classifiche_Gigante_U14_femminile.pdf\" class=\"wp-block-file__button wp-element-button\" download aria-describedby=\"wp-block-file--media-b9ee4cdb-fedf-43dd-a14c-75dd0a76214c\">Download<\/a><\/div>\n\n\n\n<div data-wp-interactive=\"core\/file\" class=\"wp-block-file\"><object data-wp-bind--hidden=\"!state.hasPdfPreview\"  class=\"wp-block-file__embed\" data=\"https:\/\/comitati.fisi.org\/veneto\/wp-content\/uploads\/sites\/39\/2026\/03\/Classifiche_Gigante_U14_maschile.pdf\" type=\"application\/pdf\" style=\"width:100%;height:600px\" aria-label=\"Incorporamento di Classifiche_Gigante_U14_maschile.\"><\/object><a id=\"wp-block-file--media-36092cf5-a6f1-4cab-87c4-1a43ee88b489\" href=\"https:\/\/comitati.fisi.org\/veneto\/wp-content\/uploads\/sites\/39\/2026\/03\/Classifiche_Gigante_U14_maschile.pdf\">Classifiche_Gigante_U14_maschile<\/a><a href=\"https:\/\/comitati.fisi.org\/veneto\/wp-content\/uploads\/sites\/39\/2026\/03\/Classifiche_Gigante_U14_maschile.pdf\" class=\"wp-block-file__button wp-element-button\" download aria-describedby=\"wp-block-file--media-36092cf5-a6f1-4cab-87c4-1a43ee88b489\">Download<\/a><\/div>\n","protected":false},"excerpt":{"rendered":"<p>14. posto per Sveva Di Gallo<\/p>\n","protected":false},"author":33,"featured_media":31835,"comment_status":"open","ping_status":"open","sticky":false,"template":"","format":"standard","meta":{"_acf_changed":false,"footnotes":""},"categories":[49,9,14,15,3,5,6],"tags":[],"acf":[],"_links":{"self":[{"href":"https:\/\/comitati.fisi.org\/veneto\/wp-json\/wp\/v2\/posts\/31820"}],"collection":[{"href":"https:\/\/comitati.fisi.org\/veneto\/wp-json\/wp\/v2\/posts"}],"about":[{"href":"https:\/\/comitati.fisi.org\/veneto\/wp-json\/wp\/v2\/types\/post"}],"author":[{"embeddable":true,"href":"https:\/\/comitati.fisi.org\/veneto\/wp-json\/wp\/v2\/users\/33"}],"replies":[{"embeddable":true,"href":"https:\/\/comitati.fisi.org\/veneto\/wp-json\/wp\/v2\/comments?post=31820"}],"version-history":[{"count":3,"href":"https:\/\/comitati.fisi.org\/veneto\/wp-json\/wp\/v2\/posts\/31820\/revisions"}],"predecessor-version":[{"id":31841,"href":"https:\/\/comitati.fisi.org\/veneto\/wp-json\/wp\/v2\/posts\/31820\/revisions\/31841"}],"wp:featuredmedia":[{"embeddable":true,"href":"https:\/\/comitati.fisi.org\/veneto\/wp-json\/wp\/v2\/media\/31835"}],"wp:attachment":[{"href":"https:\/\/comitati.fisi.org\/veneto\/wp-json\/wp\/v2\/media?parent=31820"}],"wp:term":[{"taxonomy":"category","embeddable":true,"href":"https:\/\/comitati.fisi.org\/veneto\/wp-json\/wp\/v2\/categories?post=31820"},{"taxonomy":"post_tag","embeddable":true,"href":"https:\/\/comitati.fisi.org\/veneto\/wp-json\/wp\/v2\/tags?post=31820"}],"curies":[{"name":"wp","href":"https:\/\/api.w.org\/{rel}","templated":true}]}}