{"id":31769,"date":"2026-03-02T14:10:01","date_gmt":"2026-03-02T14:10:01","guid":{"rendered":"https:\/\/comitati.fisi.org\/veneto\/?p=31769"},"modified":"2026-03-03T00:04:10","modified_gmt":"2026-03-03T00:04:10","slug":"alpino-grande-veneto-nella-prima-giornata-dellalpe-cimbra","status":"publish","type":"post","link":"https:\/\/comitati.fisi.org\/veneto\/blog\/2026\/03\/02\/alpino-grande-veneto-nella-prima-giornata-dellalpe-cimbra\/","title":{"rendered":"Alpino, grande Veneto nella prima giornata dell&#8217;Alpe Cimbra"},"content":{"rendered":"\n<p>Grande Veneto nella prima giornata delle fasi nazionali dell&#8217;Alpe Cimbra. A Folgaria (Trento), oggi l&#8217;evento dello sci alpino che ha raccolto l&#8217;eredit\u00e0 del Trofeo Topolino ha proposto il gigante della categoria Ragazzi (under 14) e lo slalom della categoria Allievi (under 16). <\/p>\n\n\n\n<p>Nel gigante Ragazzi, due ragazzi veneti sul podio: sul primo gradino Gregorio Marabelli Gallo (Nhoa Game Academy), sul secondo Sveva Di Gallo (Sci club Cortina), con Michelle Dal Farra (Sci club Limana) di un soffio fuori dalla top ten.<\/p>\n\n\n\n<p>Top ten sfiorata nello slalom Allievi da parte di Nicol\u00f2 Gios (Sci club Gallio), dodicesimo.<\/p>\n\n\n\n<p>\u00abHo sciato meglio nella prima manche, in modo preciso e produttivo, nella seconda ho fatto un po\u2019 di pi\u00f9 fatica anche perch\u00e9 il tracciato era segnato, ma alla fine \u00e8 uscita una vittoria importantissima\u00bb ha detto Gregorio al termine della prova vittoriosa. \u00abSono molto felice e voglio dedicare questo successo a mio nonno Giancarlo visto che proprio oggi ricorre l\u2019anniversario della sua scomparsa. Spero di fare una gara positiva anche domani in slalom, anche se quest\u2019anno vado meglio in gigante. Ma ci prover\u00f2\u00bb.<\/p>\n\n\n\n<p>In allegato le classifiche e gli ordini di partenza di domani<\/p>\n\n\n\n<div data-wp-interactive=\"core\/file\" class=\"wp-block-file\"><object data-wp-bind--hidden=\"!state.hasPdfPreview\"  class=\"wp-block-file__embed\" data=\"https:\/\/comitati.fisi.org\/veneto\/wp-content\/uploads\/sites\/39\/2026\/03\/Classifica-ufficiale-GS-RAG.pdf\" type=\"application\/pdf\" style=\"width:100%;height:600px\" aria-label=\"Incorporamento di Classifica-ufficiale-GS-RAG.\"><\/object><a id=\"wp-block-file--media-576e3b6f-f096-43e8-a69f-6b37424102a4\" href=\"https:\/\/comitati.fisi.org\/veneto\/wp-content\/uploads\/sites\/39\/2026\/03\/Classifica-ufficiale-GS-RAG.pdf\">Classifica-ufficiale-GS-RAG<\/a><a href=\"https:\/\/comitati.fisi.org\/veneto\/wp-content\/uploads\/sites\/39\/2026\/03\/Classifica-ufficiale-GS-RAG.pdf\" class=\"wp-block-file__button wp-element-button\" download aria-describedby=\"wp-block-file--media-576e3b6f-f096-43e8-a69f-6b37424102a4\">Download<\/a><\/div>\n\n\n\n<div data-wp-interactive=\"core\/file\" class=\"wp-block-file\"><object data-wp-bind--hidden=\"!state.hasPdfPreview\"  class=\"wp-block-file__embed\" data=\"https:\/\/comitati.fisi.org\/veneto\/wp-content\/uploads\/sites\/39\/2026\/03\/Classifica-ufficiale-SL-ALL.pdf\" type=\"application\/pdf\" style=\"width:100%;height:600px\" aria-label=\"Incorporamento di Classifica-ufficiale-SL-ALL.\"><\/object><a id=\"wp-block-file--media-7b972001-e3e3-48d5-8416-95b7141c5336\" href=\"https:\/\/comitati.fisi.org\/veneto\/wp-content\/uploads\/sites\/39\/2026\/03\/Classifica-ufficiale-SL-ALL.pdf\">Classifica-ufficiale-SL-ALL<\/a><a href=\"https:\/\/comitati.fisi.org\/veneto\/wp-content\/uploads\/sites\/39\/2026\/03\/Classifica-ufficiale-SL-ALL.pdf\" class=\"wp-block-file__button wp-element-button\" download aria-describedby=\"wp-block-file--media-7b972001-e3e3-48d5-8416-95b7141c5336\">Download<\/a><\/div>\n\n\n\n<div data-wp-interactive=\"core\/file\" class=\"wp-block-file\"><object data-wp-bind--hidden=\"!state.hasPdfPreview\"  class=\"wp-block-file__embed\" data=\"https:\/\/comitati.fisi.org\/veneto\/wp-content\/uploads\/sites\/39\/2026\/03\/Starting_list_Slalom_Gigante_Under16.pdf\" type=\"application\/pdf\" style=\"width:100%;height:600px\" aria-label=\"Incorporamento di Starting_list_Slalom_Gigante_Under16.\"><\/object><a id=\"wp-block-file--media-3ba2009f-300c-44fb-8c11-578b78cf5123\" href=\"https:\/\/comitati.fisi.org\/veneto\/wp-content\/uploads\/sites\/39\/2026\/03\/Starting_list_Slalom_Gigante_Under16.pdf\">Starting_list_Slalom_Gigante_Under16<\/a><a href=\"https:\/\/comitati.fisi.org\/veneto\/wp-content\/uploads\/sites\/39\/2026\/03\/Starting_list_Slalom_Gigante_Under16.pdf\" class=\"wp-block-file__button wp-element-button\" download aria-describedby=\"wp-block-file--media-3ba2009f-300c-44fb-8c11-578b78cf5123\">Download<\/a><\/div>\n\n\n\n<div data-wp-interactive=\"core\/file\" class=\"wp-block-file\"><object data-wp-bind--hidden=\"!state.hasPdfPreview\"  class=\"wp-block-file__embed\" data=\"https:\/\/comitati.fisi.org\/veneto\/wp-content\/uploads\/sites\/39\/2026\/03\/Starting_list_Slalom_Speciale_Under14.pdf\" type=\"application\/pdf\" style=\"width:100%;height:600px\" aria-label=\"Incorporamento di Starting_list_Slalom_Speciale_Under14.\"><\/object><a id=\"wp-block-file--media-8a2a03f5-eab1-4a2d-adee-1aeeeaa8b85d\" href=\"https:\/\/comitati.fisi.org\/veneto\/wp-content\/uploads\/sites\/39\/2026\/03\/Starting_list_Slalom_Speciale_Under14.pdf\">Starting_list_Slalom_Speciale_Under14<\/a><a href=\"https:\/\/comitati.fisi.org\/veneto\/wp-content\/uploads\/sites\/39\/2026\/03\/Starting_list_Slalom_Speciale_Under14.pdf\" class=\"wp-block-file__button wp-element-button\" download aria-describedby=\"wp-block-file--media-8a2a03f5-eab1-4a2d-adee-1aeeeaa8b85d\">Download<\/a><\/div>\n","protected":false},"excerpt":{"rendered":"<p>Vittoria di Gregorio Marabelli Gallo, secondo posto per Sveva Di Gallo<\/p>\n","protected":false},"author":33,"featured_media":31774,"comment_status":"open","ping_status":"open","sticky":false,"template":"","format":"standard","meta":{"_acf_changed":false,"footnotes":""},"categories":[9,14,15,3,5,19,6],"tags":[121,1088,1087],"acf":[],"_links":{"self":[{"href":"https:\/\/comitati.fisi.org\/veneto\/wp-json\/wp\/v2\/posts\/31769"}],"collection":[{"href":"https:\/\/comitati.fisi.org\/veneto\/wp-json\/wp\/v2\/posts"}],"about":[{"href":"https:\/\/comitati.fisi.org\/veneto\/wp-json\/wp\/v2\/types\/post"}],"author":[{"embeddable":true,"href":"https:\/\/comitati.fisi.org\/veneto\/wp-json\/wp\/v2\/users\/33"}],"replies":[{"embeddable":true,"href":"https:\/\/comitati.fisi.org\/veneto\/wp-json\/wp\/v2\/comments?post=31769"}],"version-history":[{"count":4,"href":"https:\/\/comitati.fisi.org\/veneto\/wp-json\/wp\/v2\/posts\/31769\/revisions"}],"predecessor-version":[{"id":31786,"href":"https:\/\/comitati.fisi.org\/veneto\/wp-json\/wp\/v2\/posts\/31769\/revisions\/31786"}],"wp:featuredmedia":[{"embeddable":true,"href":"https:\/\/comitati.fisi.org\/veneto\/wp-json\/wp\/v2\/media\/31774"}],"wp:attachment":[{"href":"https:\/\/comitati.fisi.org\/veneto\/wp-json\/wp\/v2\/media?parent=31769"}],"wp:term":[{"taxonomy":"category","embeddable":true,"href":"https:\/\/comitati.fisi.org\/veneto\/wp-json\/wp\/v2\/categories?post=31769"},{"taxonomy":"post_tag","embeddable":true,"href":"https:\/\/comitati.fisi.org\/veneto\/wp-json\/wp\/v2\/tags?post=31769"}],"curies":[{"name":"wp","href":"https:\/\/api.w.org\/{rel}","templated":true}]}}