{"id":31761,"date":"2026-03-02T10:22:45","date_gmt":"2026-03-02T10:22:45","guid":{"rendered":"https:\/\/comitati.fisi.org\/veneto\/?p=31761"},"modified":"2026-03-02T10:26:23","modified_gmt":"2026-03-02T10:26:23","slug":"fondo-nel-fine-settimana-il-campionato-italiano-allievi-a-malga-san-giorgio","status":"publish","type":"post","link":"https:\/\/comitati.fisi.org\/veneto\/blog\/2026\/03\/02\/fondo-nel-fine-settimana-il-campionato-italiano-allievi-a-malga-san-giorgio\/","title":{"rendered":"Fondo, nel fine settimana il Campionato italiano Allievi a Malga San Giorgio"},"content":{"rendered":"\n<p>Il prossimo fine settimana Malga San Giorgio (Boscochiesanuova &#8211; Verona) ospiter\u00e0 il Campionato italiano di sci di fondo della categoria Allievi (under 16). Si comincer\u00e0 venerd\u00ec, 6 marzo, con la sprint skating per proseguire sabato 7 con le prove in tecnica classica e chiudere domenica 8 con la staffetta. L&#8217;organizzazione \u00e8 affidata allo Sci club Bosco che dedicher\u00e0 la manifestazione tricolore all&#8217;indimenticato Carlo Vito Scandola, allenatore che ha fatto crescere generazioni di fondisti.<\/p>\n\n\n\n<div data-wp-interactive=\"core\/file\" class=\"wp-block-file\"><object data-wp-bind--hidden=\"!state.hasPdfPreview\"  class=\"wp-block-file__embed\" data=\"https:\/\/comitati.fisi.org\/veneto\/wp-content\/uploads\/sites\/39\/2026\/03\/regolamento-camp.-Italiani-Allievi-u16-definitivo.pdf\" type=\"application\/pdf\" style=\"width:100%;height:600px\" aria-label=\"Incorporamento di regolamento-camp.-Italiani-Allievi-u16-definitivo.\"><\/object><a id=\"wp-block-file--media-e4d6b9cd-f48c-4891-acb8-9189a3ee134f\" href=\"https:\/\/comitati.fisi.org\/veneto\/wp-content\/uploads\/sites\/39\/2026\/03\/regolamento-camp.-Italiani-Allievi-u16-definitivo.pdf\">regolamento-camp.-Italiani-Allievi-u16-definitivo<\/a><a href=\"https:\/\/comitati.fisi.org\/veneto\/wp-content\/uploads\/sites\/39\/2026\/03\/regolamento-camp.-Italiani-Allievi-u16-definitivo.pdf\" class=\"wp-block-file__button wp-element-button\" download aria-describedby=\"wp-block-file--media-e4d6b9cd-f48c-4891-acb8-9189a3ee134f\">Download<\/a><\/div>\n","protected":false},"excerpt":{"rendered":"<p>La manifestazione tricolore onorer\u00e0 la memoria di Carlo Vito Scandola<\/p>\n","protected":false},"author":33,"featured_media":29703,"comment_status":"open","ping_status":"open","sticky":false,"template":"","format":"standard","meta":{"_acf_changed":false,"footnotes":""},"categories":[9,58,14,15,3,6],"tags":[],"acf":[],"_links":{"self":[{"href":"https:\/\/comitati.fisi.org\/veneto\/wp-json\/wp\/v2\/posts\/31761"}],"collection":[{"href":"https:\/\/comitati.fisi.org\/veneto\/wp-json\/wp\/v2\/posts"}],"about":[{"href":"https:\/\/comitati.fisi.org\/veneto\/wp-json\/wp\/v2\/types\/post"}],"author":[{"embeddable":true,"href":"https:\/\/comitati.fisi.org\/veneto\/wp-json\/wp\/v2\/users\/33"}],"replies":[{"embeddable":true,"href":"https:\/\/comitati.fisi.org\/veneto\/wp-json\/wp\/v2\/comments?post=31761"}],"version-history":[{"count":2,"href":"https:\/\/comitati.fisi.org\/veneto\/wp-json\/wp\/v2\/posts\/31761\/revisions"}],"predecessor-version":[{"id":31765,"href":"https:\/\/comitati.fisi.org\/veneto\/wp-json\/wp\/v2\/posts\/31761\/revisions\/31765"}],"wp:featuredmedia":[{"embeddable":true,"href":"https:\/\/comitati.fisi.org\/veneto\/wp-json\/wp\/v2\/media\/29703"}],"wp:attachment":[{"href":"https:\/\/comitati.fisi.org\/veneto\/wp-json\/wp\/v2\/media?parent=31761"}],"wp:term":[{"taxonomy":"category","embeddable":true,"href":"https:\/\/comitati.fisi.org\/veneto\/wp-json\/wp\/v2\/categories?post=31761"},{"taxonomy":"post_tag","embeddable":true,"href":"https:\/\/comitati.fisi.org\/veneto\/wp-json\/wp\/v2\/tags?post=31761"}],"curies":[{"name":"wp","href":"https:\/\/api.w.org\/{rel}","templated":true}]}}