{"id":31686,"date":"2026-02-26T13:31:48","date_gmt":"2026-02-26T13:31:48","guid":{"rendered":"https:\/\/comitati.fisi.org\/veneto\/?p=31686"},"modified":"2026-02-26T13:33:01","modified_gmt":"2026-02-26T13:33:01","slug":"scialpinismo-poche-ore-alla-transcavallo-numero-43","status":"publish","type":"post","link":"https:\/\/comitati.fisi.org\/veneto\/blog\/2026\/02\/26\/scialpinismo-poche-ore-alla-transcavallo-numero-43\/","title":{"rendered":"Scialpinismo, poche ore alla Transcavallo numero 43"},"content":{"rendered":"\n<p>Sar\u00e0 un\u2019edizione dal forte valore simbolico la 43\u00aa Transcavallo, in programma dal 27 febbraio al 1\u00b0 marzo 2026, prima prova del prestigioso circuito de La Grande Course, che riporta il cuore organizzativo della manifestazione a Col Indes, storica sede della gara a pochi chilometri da Tambre. Una scelta dettata dalle condizioni della neve, ma anche dal desiderio di riabbracciare uno dei luoghi pi\u00f9 rappresentativi nella storia dello scialpinismo internazionale, teatro in passato di competizioni europee, mondiali e prove di Coppa del Mondo.<\/p>\n\n\n\n<p>Per quanto riguarda i top skiers, da segnalare la presenza dei vincitori della passata edizione Nadir Maguet e Federico Nicolini; Alex Oberbacher e William Boffelli, secondi lo scorso anno, proveranno a prendersi la rivincita. Sulla linea di partenza anche i due alpinisti e guide alpine Francois Cazzanelli e Stefano Stradelli. Non mancher\u00e0 il veterano della Transcavallo Filippo Beccari in coppia con il norvegese Herfindal. Tra le squadre internazionali iscritti anche Julien Michelon in squadra con il fido&nbsp;Yoan Sert. Tra le donne, la vincitrice delle gare individuali della passata edizione, Marcella Vasinova sar\u00e0 in coppia con la francese Brussoz. Pronta a salire sul podio anche Cecilia De Filippo con Dimitra Theocaris.<br>Per quanto riguarda la prova individuale, rientro alle gare per Alex Rigo e per Martina Valmassoi.<\/p>\n\n\n\n<p>Il programma sportivo si svilupper\u00e0 nell\u2019arco di tre giornate, con atleti e squadre impegnati in prove tecniche e spettacolari. L\u2019apertura, venerd\u00ec 27 febbraio, \u00e8 prevista a Piancavallo (Aviano &#8211; Pordenone), con la prima tappa che porter\u00e0 i concorrenti sullo stesso tracciato dello scorso anno sul Monte Tr\u00e8mol, prima della discesa conclusiva verso il Rifugio Val dei Sass. Partenza alle ore 11.<\/p>\n\n\n\n<p>Sabato 28 febbraio sar\u00e0 invece la volta della seconda e decisiva tappa sulle creste del Monte Guslon, con la salita del mitico Canalino&nbsp;delle Placche, caratterizzato da pendenze che superano i 50 gradi. Il percorso misura oltre 22 chilometri di sviluppo e circa 2.500 metri di dislivello positivo ed \u00e8 destinato, come da tradizione, a definire la classifica finale, calcolata sulla somma dei tempi delle due giornate. Nello stesso giorno si svolger\u00e0 anche la Classic Individual Race, gara individuale dal profilo tecnico elevato ma con distanza e dislivello ridotti.<\/p>\n\n\n\n<p>La giornata conclusiva di domenica sar\u00e0 interamente dedicata ai giovani con il Campionato Italiano categorie U16, U18 e U20. In gara anche le categorie Children U12-U14, ma che non assegneranno i titoli.<br>Nella giornata sar\u00e0 riproposta l\u2019Experience Ski-Alp 3.0, un raduno non competitivo aperto agli appassionati. Appuntamento alle ore 8 a Col Indes.<\/p>\n\n\n\n<p><strong>Appuntamenti ed eventi del weekend<\/strong><br>Oltre alle competizioni, il programma propone momenti pensati per il pubblico e gli appassionati. Tra questi spicca la tradizionale fiaccolata sul Monte Guslon, uno degli appuntamenti pi\u00f9 suggestivi della manifestazione: dalle 19.30 le fiaccole illumineranno la montagna offrendo uno spettacolo visibile dall\u2019area di Col Indes e da tutto l&#8217;Alpago.<\/p>\n\n\n\n<p>Durante il fine settimana \u00e8 prevista anche un\u2019iniziativa speciale dedicata a chi raggiunger\u00e0 la vetta del Guslon. I primi cinquanta escursionisti che sabato o domenica arriveranno in cima riceveranno un omaggio realizzato con il supporto di Karpos e MVC Store, da ritirare presso il punto vendita MVC Store. Un gesto simbolico pensato per coinvolgere ancora di pi\u00f9 il pubblico, invitandolo a vivere la montagna da protagonista e a condividere lo spirito della Transcavallo direttamente sul terreno di gara.<\/p>\n\n\n\n<p>Maggiori&nbsp;informazioni e iscrizioni&nbsp;<a href=\"https:\/\/areaphoto.us12.list-manage.com\/track\/click?u=dc30bb2f1f8f67c75795a6d21&amp;id=997ce44888&amp;e=ddfc54ccbe\" target=\"_blank\" rel=\"noreferrer noopener\">www.transcavallo.it<\/a><\/p>\n","protected":false},"excerpt":{"rendered":"<p>Sar\u00e0 un\u2019edizione dal forte valore simbolico la 43\u00aa Transcavallo, in programma dal 27 febbraio al 1\u00b0 marzo 2026, prima prova del prestigioso circuito de La Grande Course, che riporta il cuore organizzativo della manifestazione a Col Indes, storica sede della gara a pochi chilometri da Tambre<\/p>\n","protected":false},"author":33,"featured_media":28643,"comment_status":"open","ping_status":"open","sticky":false,"template":"","format":"standard","meta":{"_acf_changed":false,"footnotes":""},"categories":[9,14,15,3,39,6],"tags":[],"acf":[],"_links":{"self":[{"href":"https:\/\/comitati.fisi.org\/veneto\/wp-json\/wp\/v2\/posts\/31686"}],"collection":[{"href":"https:\/\/comitati.fisi.org\/veneto\/wp-json\/wp\/v2\/posts"}],"about":[{"href":"https:\/\/comitati.fisi.org\/veneto\/wp-json\/wp\/v2\/types\/post"}],"author":[{"embeddable":true,"href":"https:\/\/comitati.fisi.org\/veneto\/wp-json\/wp\/v2\/users\/33"}],"replies":[{"embeddable":true,"href":"https:\/\/comitati.fisi.org\/veneto\/wp-json\/wp\/v2\/comments?post=31686"}],"version-history":[{"count":2,"href":"https:\/\/comitati.fisi.org\/veneto\/wp-json\/wp\/v2\/posts\/31686\/revisions"}],"predecessor-version":[{"id":31688,"href":"https:\/\/comitati.fisi.org\/veneto\/wp-json\/wp\/v2\/posts\/31686\/revisions\/31688"}],"wp:featuredmedia":[{"embeddable":true,"href":"https:\/\/comitati.fisi.org\/veneto\/wp-json\/wp\/v2\/media\/28643"}],"wp:attachment":[{"href":"https:\/\/comitati.fisi.org\/veneto\/wp-json\/wp\/v2\/media?parent=31686"}],"wp:term":[{"taxonomy":"category","embeddable":true,"href":"https:\/\/comitati.fisi.org\/veneto\/wp-json\/wp\/v2\/categories?post=31686"},{"taxonomy":"post_tag","embeddable":true,"href":"https:\/\/comitati.fisi.org\/veneto\/wp-json\/wp\/v2\/tags?post=31686"}],"curies":[{"name":"wp","href":"https:\/\/api.w.org\/{rel}","templated":true}]}}