{"id":31599,"date":"2026-02-21T14:26:00","date_gmt":"2026-02-21T14:26:00","guid":{"rendered":"https:\/\/comitati.fisi.org\/veneto\/?p=31599"},"modified":"2026-02-21T14:26:02","modified_gmt":"2026-02-21T14:26:02","slug":"olimpiadi-barp-22-mo-nella-50-km","status":"publish","type":"post","link":"https:\/\/comitati.fisi.org\/veneto\/blog\/2026\/02\/21\/olimpiadi-barp-22-mo-nella-50-km\/","title":{"rendered":"Olimpiadi, Barp 22.mo nella 50 km"},"content":{"rendered":"\n<p>Johannes H\u00f8sflot Kl\u00e6bo entra ancor pi\u00f9 nella leggenda dello sport e trionfa anche nella 50 chilometri in tecnica classica che a Lago di Tesero, in Val di Fiemme, ha completato il programma olimpico del fondo maschile. Il fenomeno norvegese chiude cos\u00ec il proprio percorso netto nella rassegna olimpica, con sei ori in altrettante gare disputate, tra prove individuali e a squadra.<\/p>\n\n\n\n<p>Kl\u00e6bo prende il largo sulla salita Zorzi, seminando il connazionale Martin Nyenget, generoso nel dettare il ritmo per 40 chilometri, impostando una gara durissima nell\u2019intento di mettere in difficolt\u00e0 Kl\u00e6bo, ma senza fortuna: 2;07\u201907\u20331 per il vincitore, con Nyenget secondo a 17\u20336 mentre il podio tutto norvegese \u00e8 completato da Emil Iversen, terzo a 46\u2033 e staccatosi dal treno del successo solo nei chilometri finali.<\/p>\n\n\n\n<p>Eccellente prova per il francese Theo Schely, quarto a 2\u201937 con il russo Savelii Korostelev quinto a 3\u201916.<br>Il padrone di casa Simone Dapr\u00e0 \u00e8 il migliore degli azzurri con il 18esimo posto a 8\u201905\u20336, ventiduesima piazza invece per Elia Barp, al debutto sulla distanza in eventi internazionali.<\/p>\n\n\n\n<p>Federico Pellegrino non ha preso il via alla prova per colpa di una sindrome influenzale.<\/p>\n\n\n\n<p><strong><a href=\"https:\/\/www.olympics.com\/it\/milano-cortina-2026\/results\/ccs\/ms\/m\/50kmms------------\/fnl-\/000100--\/race-result\">Ordine d\u2019arrivo 50 km TC maschile OWG Milano Cortina 2026<\/a><\/strong><\/p>\n","protected":false},"excerpt":{"rendered":"<p>Johannes H\u00f8sflot Kl\u00e6bo entra ancor pi\u00f9 nella leggenda dello sport e trionfa anche nella 50 chilometri in tecnica classica che a Lago di Tesero, in Val di Fiemme, ha completato il programma olimpico del fondo maschile. Il fenomeno norvegese chiude cos\u00ec il proprio percorso netto nella rassegna olimpica, con sei ori in altrettante gare disputate, tra prove individuali e a&hellip;<\/p>\n","protected":false},"author":33,"featured_media":30636,"comment_status":"open","ping_status":"open","sticky":false,"template":"","format":"standard","meta":{"_acf_changed":false,"footnotes":""},"categories":[9,13,14,15,16,5],"tags":[12,439],"acf":[],"_links":{"self":[{"href":"https:\/\/comitati.fisi.org\/veneto\/wp-json\/wp\/v2\/posts\/31599"}],"collection":[{"href":"https:\/\/comitati.fisi.org\/veneto\/wp-json\/wp\/v2\/posts"}],"about":[{"href":"https:\/\/comitati.fisi.org\/veneto\/wp-json\/wp\/v2\/types\/post"}],"author":[{"embeddable":true,"href":"https:\/\/comitati.fisi.org\/veneto\/wp-json\/wp\/v2\/users\/33"}],"replies":[{"embeddable":true,"href":"https:\/\/comitati.fisi.org\/veneto\/wp-json\/wp\/v2\/comments?post=31599"}],"version-history":[{"count":1,"href":"https:\/\/comitati.fisi.org\/veneto\/wp-json\/wp\/v2\/posts\/31599\/revisions"}],"predecessor-version":[{"id":31600,"href":"https:\/\/comitati.fisi.org\/veneto\/wp-json\/wp\/v2\/posts\/31599\/revisions\/31600"}],"wp:featuredmedia":[{"embeddable":true,"href":"https:\/\/comitati.fisi.org\/veneto\/wp-json\/wp\/v2\/media\/30636"}],"wp:attachment":[{"href":"https:\/\/comitati.fisi.org\/veneto\/wp-json\/wp\/v2\/media?parent=31599"}],"wp:term":[{"taxonomy":"category","embeddable":true,"href":"https:\/\/comitati.fisi.org\/veneto\/wp-json\/wp\/v2\/categories?post=31599"},{"taxonomy":"post_tag","embeddable":true,"href":"https:\/\/comitati.fisi.org\/veneto\/wp-json\/wp\/v2\/tags?post=31599"}],"curies":[{"name":"wp","href":"https:\/\/api.w.org\/{rel}","templated":true}]}}