{"id":31577,"date":"2026-02-20T12:02:31","date_gmt":"2026-02-20T12:02:31","guid":{"rendered":"https:\/\/comitati.fisi.org\/veneto\/?p=31577"},"modified":"2026-02-20T12:02:33","modified_gmt":"2026-02-20T12:02:33","slug":"olimpiadi-barp-e-comarella-per-la-50-km-conclusiva","status":"publish","type":"post","link":"https:\/\/comitati.fisi.org\/veneto\/blog\/2026\/02\/20\/olimpiadi-barp-e-comarella-per-la-50-km-conclusiva\/","title":{"rendered":"Olimpiadi, Barp e Comarella per la 50 km conclusiva"},"content":{"rendered":"\n<p>Due ragazzi veneti saranno al via della 50 chilometri che tra domani e domenica chiuder\u00e0 il programma dello sci di fondo a Milano Cortina 2026. Domani, alle 11, sar\u00e0 in gara Elia Barp. Con il finanziere bellunese gareggeranno Federico Pellegrino e Simone Dapr\u00e0. <\/p>\n\n\n\n<p>Domenica, invece, con il via alle 10, scender\u00e0 in pista Anna Comarella: per la cortinese delle Fiamme Oro, unica atleta azzurra in gara, si tratta dell&#8217;ultima apparizione ai Giochi Olimpici.<\/p>\n","protected":false},"excerpt":{"rendered":"<p>La gara maschile \u00e8 in programma domani, quella femminile domenica<\/p>\n","protected":false},"author":33,"featured_media":22673,"comment_status":"open","ping_status":"open","sticky":false,"template":"","format":"standard","meta":{"_acf_changed":false,"footnotes":""},"categories":[9,14,15,16,3,6],"tags":[],"acf":[],"_links":{"self":[{"href":"https:\/\/comitati.fisi.org\/veneto\/wp-json\/wp\/v2\/posts\/31577"}],"collection":[{"href":"https:\/\/comitati.fisi.org\/veneto\/wp-json\/wp\/v2\/posts"}],"about":[{"href":"https:\/\/comitati.fisi.org\/veneto\/wp-json\/wp\/v2\/types\/post"}],"author":[{"embeddable":true,"href":"https:\/\/comitati.fisi.org\/veneto\/wp-json\/wp\/v2\/users\/33"}],"replies":[{"embeddable":true,"href":"https:\/\/comitati.fisi.org\/veneto\/wp-json\/wp\/v2\/comments?post=31577"}],"version-history":[{"count":1,"href":"https:\/\/comitati.fisi.org\/veneto\/wp-json\/wp\/v2\/posts\/31577\/revisions"}],"predecessor-version":[{"id":31578,"href":"https:\/\/comitati.fisi.org\/veneto\/wp-json\/wp\/v2\/posts\/31577\/revisions\/31578"}],"wp:featuredmedia":[{"embeddable":true,"href":"https:\/\/comitati.fisi.org\/veneto\/wp-json\/wp\/v2\/media\/22673"}],"wp:attachment":[{"href":"https:\/\/comitati.fisi.org\/veneto\/wp-json\/wp\/v2\/media?parent=31577"}],"wp:term":[{"taxonomy":"category","embeddable":true,"href":"https:\/\/comitati.fisi.org\/veneto\/wp-json\/wp\/v2\/categories?post=31577"},{"taxonomy":"post_tag","embeddable":true,"href":"https:\/\/comitati.fisi.org\/veneto\/wp-json\/wp\/v2\/tags?post=31577"}],"curies":[{"name":"wp","href":"https:\/\/api.w.org\/{rel}","templated":true}]}}