{"id":31569,"date":"2026-02-19T13:26:42","date_gmt":"2026-02-19T13:26:42","guid":{"rendered":"https:\/\/comitati.fisi.org\/veneto\/?p=31569"},"modified":"2026-02-19T14:12:49","modified_gmt":"2026-02-19T14:12:49","slug":"olimpiadi-nella-sprint-alba-de-silvestro-out-in-semifinale","status":"publish","type":"post","link":"https:\/\/comitati.fisi.org\/veneto\/blog\/2026\/02\/19\/olimpiadi-nella-sprint-alba-de-silvestro-out-in-semifinale\/","title":{"rendered":"Olimpiadi, nella sprint Alba De Silvestro out in semifinale"},"content":{"rendered":"\n<p>Giulia Murada \u00e8 quinta nel giorno del debutto olimpico dello sci alpinismo: a Bormio la valtellinese di Albosaggia ha sfiorato il podio, con la svizzera Marianne Fatton capace di sovvertire il pronostico e superare in un\u2019adrenalinica finale la francese Emily Harrop, dominatrice della stagione e costretta ad accontentarsi dell\u2019argento a cinque cerchi. Il bronzo finisce al collo della iberica Ana Alonso Rodriguez, con la tedesca Tatjana Paller in quarta piazza appena davanti a Murada.<\/p>\n\n\n\n<p>In finale l\u2019azzurra perde un paio di metri in fase di partenza, prova a risalire, ma il ritmo \u00e8 vorticoso, con Fatton che sorpassa Harrop in uscita dal tratto scalinato. Nel cambio di assetto finale l\u2019elvetica \u00e8 rapidissima, meno la francese e cos\u00ec la discesa conclusiva verso il parterre della pista Stelvio si trasforma in una passerella gloriosa per Fatton.<\/p>\n\n\n\n<p>Out in semifinale invece Alba De Silvestro: la bellunese \u2013 valtellinese d\u2019adozione dopo il matrimonio con il marito Michele \u2013 \u00e8 stata brava a meritare un posto tra i ripescaggi nelle batterie, per poi cedere nel secondo turno, alle spalle di Ravinel, Paller e della stessa Murada.<\/p>\n\n\n\n<p>Queste le impressioni di Alba De Silvestro al termine del proprio debutto olimpico: \u201cTracciato molto bello, sapevo che sarebbe stato difficile approdare in finale ma sognare non costa nulla. Nel secondo turno ho fatto pi\u00f9 fatica, forse per la neve che ha reso pesante il tracciato: non \u00e8 la mia specialit\u00e0 preferita ma speravo di fare meglio, mi resta comunque la prova a squadre di sabato, a cui punto molto insieme a mio marito Michele Boscacci\u201d.<\/p>\n\n\n\n<p>Si ferma invece al primo turno il cammino dell\u2019esperto Michele Boscacci, quinto nella prima batteria vinta dall\u2019iberico Oriol Cordona Coll; l\u2019elvetico Jon Kistler e lo svizzero Arno Lietho hanno quindi firmato le altre due batterie.<\/p>\n\n\n\n<p><strong><a href=\"https:\/\/www.olympics.com\/it\/milano-cortina-2026\/results\/smt\/sp\/w\/sprint------------\/heat\/--------\/race-result\">Ordine d\u2019arrivo Sprint femminile OWG Milano Cortina 2026<\/a><\/strong><\/p>\n\n\n\n<p><strong><a href=\"https:\/\/www.olympics.com\/it\/milano-cortina-2026\/results\/smt\/sp\/m\/sprint------------\/heat\/--------\/race-result\">Ordine d\u2019arrivo Sprint maschile OWG Milano Cortina 2026<\/a><\/strong><\/p>\n","protected":false},"excerpt":{"rendered":"<p>Quinto posto per Giulia Murada<\/p>\n","protected":false},"author":33,"featured_media":25863,"comment_status":"open","ping_status":"open","sticky":false,"template":"","format":"standard","meta":{"_acf_changed":false,"footnotes":""},"categories":[9,15,3,5,6],"tags":[53,179],"acf":[],"_links":{"self":[{"href":"https:\/\/comitati.fisi.org\/veneto\/wp-json\/wp\/v2\/posts\/31569"}],"collection":[{"href":"https:\/\/comitati.fisi.org\/veneto\/wp-json\/wp\/v2\/posts"}],"about":[{"href":"https:\/\/comitati.fisi.org\/veneto\/wp-json\/wp\/v2\/types\/post"}],"author":[{"embeddable":true,"href":"https:\/\/comitati.fisi.org\/veneto\/wp-json\/wp\/v2\/users\/33"}],"replies":[{"embeddable":true,"href":"https:\/\/comitati.fisi.org\/veneto\/wp-json\/wp\/v2\/comments?post=31569"}],"version-history":[{"count":2,"href":"https:\/\/comitati.fisi.org\/veneto\/wp-json\/wp\/v2\/posts\/31569\/revisions"}],"predecessor-version":[{"id":31571,"href":"https:\/\/comitati.fisi.org\/veneto\/wp-json\/wp\/v2\/posts\/31569\/revisions\/31571"}],"wp:featuredmedia":[{"embeddable":true,"href":"https:\/\/comitati.fisi.org\/veneto\/wp-json\/wp\/v2\/media\/25863"}],"wp:attachment":[{"href":"https:\/\/comitati.fisi.org\/veneto\/wp-json\/wp\/v2\/media?parent=31569"}],"wp:term":[{"taxonomy":"category","embeddable":true,"href":"https:\/\/comitati.fisi.org\/veneto\/wp-json\/wp\/v2\/categories?post=31569"},{"taxonomy":"post_tag","embeddable":true,"href":"https:\/\/comitati.fisi.org\/veneto\/wp-json\/wp\/v2\/tags?post=31569"}],"curies":[{"name":"wp","href":"https:\/\/api.w.org\/{rel}","templated":true}]}}