{"id":31437,"date":"2026-02-08T21:25:17","date_gmt":"2026-02-08T21:25:17","guid":{"rendered":"https:\/\/comitati.fisi.org\/veneto\/?p=31437"},"modified":"2026-02-08T21:26:51","modified_gmt":"2026-02-08T21:26:51","slug":"alpino-ambra-pomare-sfiora-la-vittoria-in-coppa-europa","status":"publish","type":"post","link":"https:\/\/comitati.fisi.org\/veneto\/blog\/2026\/02\/08\/alpino-ambra-pomare-sfiora-la-vittoria-in-coppa-europa\/","title":{"rendered":"Alpino, Ambra Pomar\u00e8 sfiora la vittoria in Coppa Europa"},"content":{"rendered":"\n<p>Ambra Pomar\u00e8 (<em>nell&#8217;immagine Pentaphoto<\/em>) seconda, Sophie Mathiou terza: il secondo e conclusivo gigante della tappa di Coppa Europa di Oberjoch, in Germania, disputato oggi, ha visto due azzurre sul podio. La vittoria \u00e8 andata alla svedese Sophie Nyberg che nella seconda manche \u00e8 stata capace di risalire dalla terza piazza della prima parte di gara fino alla vetta. Sua la vittoria per appena 4 centesimi di secondo su Ambra Pomar\u00e8 che dopo la prima manche era in testa.<br>Il podio di giornata \u00e8 stato completato dalla valdostana Sophie Mathiou (quinta nella prima manche), staccata di 15 centesimi dalla vincitrice. Due posizioni recuperate anche per Ilaria Ghisalberti, quinta con 56 centesimi di ritardo, mentre Alice Pazzaglia ha ceduto terreno rispetto alla prima anche, cogliendo comunque una preziosa settima piazza a 1\u203321 dalla leader.<br>Ottima seconda frazione anche per Giulia Valleriani, dodicesima a 1\u203386 con rimonta di quattordici posizioni dopo qualche difficolt\u00e0 nella prima discesa; Carole Agnelli \u00e8 17esima a 2\u203328, Annette Belfrond \u00e8 24.ma a 3\u203309; non ha finito la prova Laura Steinmair e Tatum Bieler.<br>Una prestazione corale delle azzurre che lascia ben sperare per il futuro della specialit\u00e0 dopo che le veterane avranno ceduto il passo. \u00c8 piaciuta tanto Ambra Pomar\u00e8 che con il secondo posto ottenuto oggi e il quinto conquistato nel gigante di ieri sulle nevi tedesche risale ai pianti altissimi delle generale della Coppa Europa e della coppa di specialit\u00e0. Piani alti ai quali soggiorna tantissima Italia. La poliziotta di Cortina ora occupa il quinto posto nella classifica generale del circuito, il terzo in quella di gigante e il nono nella graduatoria di slalom.<br>Il prossimo impegno con la Coppa Europa \u00e8 fissato per domani e per mercoled\u00ec ad Hasliberg, in Svizzera: in programma ci sono due slalom.<\/p>\n\n\n\n<p><a href=\"https:\/\/www.fis-ski.com\/DB\/general\/event-details.html?sectorcode=AL&amp;eventid=58095&amp;seasoncode=2026\">CLASSIFICHE<\/a><\/p>\n\n\n\n<p><br>Classifica generale di Coppa Europa: 1. Alice Pazzaglia punti 656; 2. Sara Allemand 527; 3. Stefanie Grob (Svizzera) 491; 4. Anna Silcher (Austria) 472; 5. Ambra Pomar\u00e8 460.<br>Classifica di gigante: 1. Sophie Mathiou punti 374; 2. Dania Allenbach (Svizzera) 363; 3. Ambra Pomar\u00e8 344; 4. Alice Pazzaglia 321; 5. Laura Steinmair 300.<br>Classifica di slalom: 1. Alice Pazzaglia punti 335; 2. Giulia Valleriani 250; 3. Loenie Raich 215; 4. Beatrice Sola 194; 5. Moa Landstroem (Svezia) 183; 9. Ambra Pomar\u00e8 116.<\/p>\n","protected":false},"excerpt":{"rendered":"<p>La cortinese delle Fiamme Oro ha mancato il successo per appena 4 centesimi nel gigante di Oberjoch<\/p>\n","protected":false},"author":33,"featured_media":30816,"comment_status":"open","ping_status":"open","sticky":false,"template":"","format":"standard","meta":{"_acf_changed":false,"footnotes":""},"categories":[9,51,13,14,15,3,5,19,6],"tags":[50],"acf":[],"_links":{"self":[{"href":"https:\/\/comitati.fisi.org\/veneto\/wp-json\/wp\/v2\/posts\/31437"}],"collection":[{"href":"https:\/\/comitati.fisi.org\/veneto\/wp-json\/wp\/v2\/posts"}],"about":[{"href":"https:\/\/comitati.fisi.org\/veneto\/wp-json\/wp\/v2\/types\/post"}],"author":[{"embeddable":true,"href":"https:\/\/comitati.fisi.org\/veneto\/wp-json\/wp\/v2\/users\/33"}],"replies":[{"embeddable":true,"href":"https:\/\/comitati.fisi.org\/veneto\/wp-json\/wp\/v2\/comments?post=31437"}],"version-history":[{"count":2,"href":"https:\/\/comitati.fisi.org\/veneto\/wp-json\/wp\/v2\/posts\/31437\/revisions"}],"predecessor-version":[{"id":31441,"href":"https:\/\/comitati.fisi.org\/veneto\/wp-json\/wp\/v2\/posts\/31437\/revisions\/31441"}],"wp:featuredmedia":[{"embeddable":true,"href":"https:\/\/comitati.fisi.org\/veneto\/wp-json\/wp\/v2\/media\/30816"}],"wp:attachment":[{"href":"https:\/\/comitati.fisi.org\/veneto\/wp-json\/wp\/v2\/media?parent=31437"}],"wp:term":[{"taxonomy":"category","embeddable":true,"href":"https:\/\/comitati.fisi.org\/veneto\/wp-json\/wp\/v2\/categories?post=31437"},{"taxonomy":"post_tag","embeddable":true,"href":"https:\/\/comitati.fisi.org\/veneto\/wp-json\/wp\/v2\/tags?post=31437"}],"curies":[{"name":"wp","href":"https:\/\/api.w.org\/{rel}","templated":true}]}}