{"id":31231,"date":"2026-01-26T16:39:47","date_gmt":"2026-01-26T16:39:47","guid":{"rendered":"https:\/\/comitati.fisi.org\/veneto\/?p=31231"},"modified":"2026-01-27T14:02:29","modified_gmt":"2026-01-27T14:02:29","slug":"olimpiadi-ecco-i-veneti-per-milano-cortina-2026","status":"publish","type":"post","link":"https:\/\/comitati.fisi.org\/veneto\/blog\/2026\/01\/26\/olimpiadi-ecco-i-veneti-per-milano-cortina-2026\/","title":{"rendered":"Olimpiadi, ecco i veneti per Milano Cortina 2026"},"content":{"rendered":"\n<p>Saranno nel complesso&nbsp;<strong>196 (103 uomini + 93 donne)<\/strong>&nbsp;gli&nbsp;<strong>atleti&nbsp;<\/strong>dell\u2019<strong><em>Italia Team&nbsp;<\/em><\/strong>impegnati ai&nbsp;<strong>Giochi&nbsp;<\/strong>di&nbsp;<strong>Milano Cortina 2026<\/strong>, che partir\u00e0 ufficialmente nella serata di venerd\u00ec 6 febbraio con la Cerimonia d\u2019Apertura. Agli 87 azzurri (47 uomini + 40 donne) dei cinque sport sul ghiaccio&nbsp;<a href=\"https:\/\/milanocortina2026.coni.it\/it\/news\/ufficializzate-le-nazionali-dei-cinque-sport-sul-ghiaccio-pronti-87-azzurri-per-i-giochi-di-milano-cortina.html\" target=\"_blank\" rel=\"noreferrer noopener\"><strong>gi\u00e0 selezionati una settimana fa<\/strong><\/a>, infatti, si sono aggiunti i&nbsp;<strong>109 (56 uomini + 53 donne)<\/strong>&nbsp;delle&nbsp;<strong>11 discipline invernali<\/strong>, le cui gare si andranno ad articolare tra&nbsp;<strong>Anterselva (<em>biathlon<\/em>)<\/strong>,&nbsp;<strong>Cortina (<em>bob<\/em>,&nbsp;<em>skeleton<\/em>, slittino e sci alpino femminile)<\/strong>,&nbsp;<strong>Val di Fiemme (combinata nordica, sci di fondo e salto con<\/strong>&nbsp;<strong>gli sci)<\/strong>,&nbsp;<strong>Livigno (<em>freestyle<\/em>&nbsp;e&nbsp;<em>snowboard<\/em>)<\/strong>&nbsp;e&nbsp;<strong>Bormio (sci alpino maschile e sci alpinismo)<\/strong>.<\/p>\n\n\n\n<p>La cifra consente al nostro Paese di superare il precedente primato stabilito nell&#8217;ultima edizione casalinga di Torino 2006 (184 atleti di cui 109 uomini e 75 donne). La pi\u00f9 giovane in assoluto \u00e8 la sedicenne&nbsp;<strong>Giada D&#8217;Antonio<\/strong>, giovanissima promessa dello sci alpino che compir\u00e0 17 anni il prossimo 28 maggio. Il pi\u00f9 longevo, invece, \u00e8 il quarantacinquenne&nbsp;<strong>Roland Fischnaller<\/strong>&nbsp;che, gareggiando nello slalom gigante parallelo di&nbsp;<em>snowboard<\/em>&nbsp;alpino, vivr\u00e0 la settima Olimpiade consecutiva (azzurro uomo o donna con il numero maggiore di presenze nella storia dei Giochi Invernali). Davanti all&#8217;altoatesino (con otto partecipazioni) c&#8217;\u00e8 solamente il poker formato dai fratelli Piero e Raimondo d&#8217;Inzeo (sport equestri &#8211; 1948\/1976), Josefa Idem (canoa &#8211; 1984\/2012),&nbsp;che per\u00f2 prese parte a Los Angeles 1984 e a Seoul 1988 difendendo i colori della Germania Ovest prima di inanellare sei presenze consecutive con l\u2019Italia, e Giovanni Pellielo (tiro a volo &#8211; 1992\/2016, 2024).<\/p>\n\n\n\n<p>Per quanto riguarda il&nbsp;<a href=\"https:\/\/milanocortina2026.coni.it\/it\/discipline\/disciplina\/81:Biathlon.html\" target=\"_blank\" rel=\"noreferrer noopener\"><strong><em>biathlon<\/em><\/strong><\/a>, le cui competizioni si svolgeranno sul tracciato dell&#8217;<em><a href=\"https:\/\/milanocortina2026.coni.it\/it\/gare\/impianti\/impianto\/69:Anterselva_Biathlon_Arena.html\" target=\"_blank\" rel=\"noreferrer noopener\"><strong>Anterselva Biathlon Arena<\/strong><\/a><\/em>, il quintetto maschile sar\u00e0 formato da&nbsp;<a href=\"https:\/\/milanocortina2026.coni.it\/it\/italia-team\/club-olimpico\/scheda_atleta\/1805:Tommaso_GIACOMEL_.html\" target=\"_blank\" rel=\"noreferrer noopener\"><strong>Tommaso Giacomel<\/strong><\/a>,&nbsp;<a href=\"https:\/\/milanocortina2026.coni.it\/it\/italia-team\/club-olimpico\/scheda_atleta\/1798:Lukas_HOFER.html\" target=\"_blank\" rel=\"noreferrer noopener\"><strong>Lukas Hofer<\/strong><\/a>,&nbsp;<strong>Patrick Braunhofer<\/strong>,&nbsp;<a href=\"https:\/\/milanocortina2026.coni.it\/it\/italia-team\/club-olimpico\/scheda_atleta\/2634:Elia_ZENI.html\" target=\"_blank\" rel=\"noreferrer noopener\"><strong>Elia Zeni<\/strong><\/a>&nbsp;e&nbsp;<strong>Nicola Romanin<\/strong>&nbsp;mentre quello femminile da&nbsp;<strong>Dorothea Wierer<\/strong>,&nbsp;<strong>Lisa Vittozzi<\/strong>,&nbsp;<strong>Rebecca Passler<\/strong>,&nbsp;<a href=\"https:\/\/milanocortina2026.coni.it\/it\/italia-team\/club-olimpico\/scheda_atleta\/1820:Michela_CARRARA.html\" target=\"_blank\" rel=\"noreferrer noopener\"><strong>Michela Carrara<\/strong>&nbsp;<\/a>ed&nbsp;<strong>Hannah Auchentaller<\/strong>.<\/p>\n\n\n\n<p>Al&nbsp;<a href=\"https:\/\/milanocortina2026.coni.it\/it\/gare\/impianti\/impianto\/85:Cortina_Sliding_Centre.html\" target=\"_blank\" rel=\"noreferrer noopener\"><strong><em>Cortina Sliding Centre<\/em><\/strong>&nbsp;<\/a>invece, sulla pista intitolata all\u2019olimpionico azzurro Eugenio Monti (oro nel bob a Grenoble 1968 sia nella gara a due sia in quella a quattro), andranno in scena le prove di ben tre discipline. Nel&nbsp;<a href=\"https:\/\/milanocortina2026.coni.it\/it\/discipline\/disciplina\/77:Bob.html\" target=\"_blank\" rel=\"noreferrer noopener\"><strong><em>bob&nbsp;<\/em><\/strong><\/a>sono stati convocati cinque uomini ed altrettante donne:&nbsp;<strong>Patrick Baumgartner<\/strong>,&nbsp;<strong>Robert Gino Mircea<\/strong>,&nbsp;<strong>Lorenzo Bilotti<\/strong>,&nbsp;<strong>Eric Fantazzini<\/strong>,&nbsp;<strong>Alex Verginer<\/strong>,&nbsp;<strong>Giada Andreutti<\/strong>,&nbsp;<strong>Simona De Silvestro<\/strong>,&nbsp;<strong>Anna Costella<\/strong>,&nbsp;<strong>Alessia Gatti<\/strong>&nbsp;e&nbsp;<strong>Noemi Cavalleri<\/strong>. Nello&nbsp;<a href=\"https:\/\/milanocortina2026.coni.it\/it\/discipline\/disciplina\/75:Skeleton.html\" target=\"_blank\" rel=\"noreferrer noopener\"><strong>skeleton&nbsp;<\/strong><\/a>spazio per il poker composto da&nbsp;<strong>Amedeo Bagnis<\/strong>&nbsp;e&nbsp;<a href=\"https:\/\/milanocortina2026.coni.it\/it\/italia-team\/club-olimpico\/scheda_atleta\/1535:Mattia_GASPARI.html\" target=\"_blank\" rel=\"noreferrer noopener\"><strong>Mattia Gaspari<\/strong><\/a>&nbsp;al maschile e da&nbsp;<a href=\"https:\/\/milanocortina2026.coni.it\/it\/italia-team\/club-olimpico\/scheda_atleta\/1542:Valentina_MARGAGLIO.html\" target=\"_blank\" rel=\"noreferrer noopener\"><strong>Valentina Margaglio<\/strong><\/a>&nbsp;ed&nbsp;<strong>Alessandra Fumagalli<\/strong>&nbsp;al femminile mentre nello&nbsp;<a href=\"https:\/\/milanocortina2026.coni.it\/it\/discipline\/disciplina\/79:Slittino.html\" target=\"_blank\" rel=\"noreferrer noopener\"><strong>slittino<\/strong>&nbsp;<\/a>saranno 11 (sette uomini e quattro donne) gli azzurri al cancelletto:&nbsp;<a href=\"https:\/\/milanocortina2026.coni.it\/it\/italia-team\/club-olimpico\/scheda_atleta\/1749:Dominik_FISCHNALLER.html\" target=\"_blank\" rel=\"noreferrer noopener\"><strong>Dominik Fischnaller<\/strong><\/a>,&nbsp;<strong>Leon Felderer<\/strong>,&nbsp;<strong>Alex Gufler<\/strong>,&nbsp;<strong>Ivan Nagler<\/strong>,&nbsp;<strong>Fabian Malleier<\/strong>,&nbsp;<strong>Emanuel Rieder<\/strong>,&nbsp;<strong>Simon Kainzwaldner<\/strong>,&nbsp;<a href=\"https:\/\/milanocortina2026.coni.it\/it\/italia-team\/club-olimpico\/scheda_atleta\/1760:Andrea_VOETTER.html\" target=\"_blank\" rel=\"noreferrer noopener\"><strong>Andrea Voetter<\/strong><\/a>,&nbsp;<a href=\"https:\/\/milanocortina2026.coni.it\/it\/italia-team\/club-olimpico\/scheda_atleta\/1756:Marion_OBERHOFER.html\" target=\"_blank\" rel=\"noreferrer noopener\"><strong>Marion Oberhofer<\/strong><\/a>,&nbsp;<strong>Verena Hofer<\/strong>&nbsp;e&nbsp;<strong>Sandra Robatscher<\/strong>.<\/p>\n\n\n\n<p>Prender\u00e0 parte, quindi, alle gare di&nbsp;<a href=\"https:\/\/milanocortina2026.coni.it\/it\/discipline\/disciplina\/85:Combinata_nordica.html\" target=\"_blank\" rel=\"noreferrer noopener\"><strong>combinata nordica<\/strong><\/a>, in programma in&nbsp;<strong>Val di Fiemme<\/strong>&nbsp;tra&nbsp;<a href=\"https:\/\/milanocortina2026.coni.it\/it\/gare\/impianti\/impianto\/71:Tesero_Cross-Country_Skiing_Stadium.html\" target=\"_blank\" rel=\"noreferrer noopener\"><strong><em>Tesero Cross-Country Skiing Stadium&nbsp;<\/em><\/strong><\/a>e&nbsp;<a href=\"https:\/\/milanocortina2026.coni.it\/it\/gare\/impianti\/impianto\/70:Predazzo_Ski_Jumping_Stadium.html\" target=\"_blank\" rel=\"noreferrer noopener\"><strong><em>Predazzo Ski Jumping Stadium<\/em><\/strong><\/a>, il trio costituito da&nbsp;<strong>Samuel Costa<\/strong>,&nbsp;<strong>Alessandro Pittin<\/strong>&nbsp;ed&nbsp;<strong>Aaaron Kostner<\/strong>. Il primo impianto sar\u00e0 la&nbsp;<em>venue&nbsp;<\/em>olimpica anche dello&nbsp;<a href=\"https:\/\/milanocortina2026.coni.it\/it\/discipline\/disciplina\/78:Sci_di_fondo.html\" target=\"_blank\" rel=\"noreferrer noopener\"><strong>sci di fondo<\/strong><\/a>, disciplina in cui l\u2019Italia schierer\u00e0 13 atleti (sei al maschile e sette al femminile):<a href=\"https:\/\/milanocortina2026.coni.it\/it\/italia-team\/club-olimpico\/scheda_atleta\/1698:Federico_PELLEGRINO.html\" target=\"_blank\" rel=\"noreferrer noopener\"><strong>&nbsp;Federico Pellegrino<\/strong><\/a>,&nbsp;<strong>Elia Barp<\/strong>,&nbsp;<a href=\"https:\/\/milanocortina2026.coni.it\/it\/italia-team\/club-olimpico\/scheda_atleta\/1714:Davide_GRAZ.html\" target=\"_blank\" rel=\"noreferrer noopener\"><strong>Davide Graz<\/strong><\/a>,&nbsp;<strong>Martino Carollo<\/strong>,&nbsp;<strong>Simone Mocellini<\/strong>,&nbsp;<a href=\"https:\/\/milanocortina2026.coni.it\/it\/italia-team\/club-olimpico\/scheda_atleta\/1715:Simone_DAPR%C3%80.html\" target=\"_blank\" rel=\"noreferrer noopener\"><strong>Simone Dapr\u00e0<\/strong><\/a>,&nbsp;<a href=\"https:\/\/milanocortina2026.coni.it\/it\/italia-team\/club-olimpico\/scheda_atleta\/2635:Federica_CASSOL.html\" target=\"_blank\" rel=\"noreferrer noopener\"><strong>Federica Cassol<\/strong><\/a>,&nbsp;<a href=\"https:\/\/milanocortina2026.coni.it\/it\/italia-team\/club-olimpico\/scheda_atleta\/1686:Caterina_GANZ.html\" target=\"_blank\" rel=\"noreferrer noopener\"><strong>Caterina Ganz<\/strong><\/a>,&nbsp;<strong>Iris De Martin Pinter<\/strong>,&nbsp;<strong>Maria Gismondi<\/strong>,&nbsp;<strong>Martina Di Centa<\/strong>,&nbsp;<strong>Nicole Monsorno<\/strong>&nbsp;ed&nbsp;<strong>Anna Comarella<\/strong>. Il secondo, invece, far\u00e0 da cornice pure alle competizioni di&nbsp;<a href=\"https:\/\/milanocortina2026.coni.it\/it\/discipline\/disciplina\/89:Salto_con_gli_sci.html\" target=\"_blank\" rel=\"noreferrer noopener\"><strong>salto con gli sci<\/strong><\/a>, in cui agiranno sette azzurri: da un lato&nbsp;<strong>Giovanni Bresadola<\/strong>,&nbsp;<strong>Alex Insam<\/strong>,&nbsp;<strong>Francesco Cecon<\/strong>&nbsp;e dall\u2019altro&nbsp;<strong>Annika Sieff<\/strong>,&nbsp;<strong>Martina Zanitzer<\/strong>,&nbsp;<strong>Martina Ambrosi<\/strong>&nbsp;e&nbsp;<strong>Jessica Malsiner<\/strong>.<\/p>\n\n\n\n<p>Il<a href=\"https:\/\/milanocortina2026.coni.it\/it\/discipline\/disciplina\/87:Freestyle.html\" target=\"_blank\" rel=\"noreferrer noopener\"><strong><em>&nbsp;freestyle<\/em><\/strong>&nbsp;<\/a>si sdoppier\u00e0 tra&nbsp;<a href=\"https:\/\/milanocortina2026.coni.it\/it\/gare\/impianti\/impianto\/73:Livigno_Snow_Park.html\" target=\"_blank\" rel=\"noreferrer noopener\"><strong><em>Snow Park<\/em><\/strong>&nbsp;<\/a>e&nbsp;<a href=\"https:\/\/milanocortina2026.coni.it\/it\/gare\/impianti\/impianto\/74:Livigno_Aerials_&amp;_Moguls_Park.html\" target=\"_blank\" rel=\"noreferrer noopener\"><strong><em>Aerials &amp; Moguls Park<\/em><\/strong><\/a>, entrambi aventi sede nella localit\u00e0 valtellinese di&nbsp;<strong>Livigno<\/strong>. Per il nostro Paese la scelta \u00e8 ricaduta su cinque uomini ed altrettante donne:&nbsp;<a href=\"https:\/\/milanocortina2026.coni.it\/it\/italia-team\/club-olimpico\/scheda_atleta\/1953:Simone_DEROMEDIS.html\" target=\"_blank\" rel=\"noreferrer noopener\"><strong>Simone Deromedis<\/strong><\/a>,&nbsp;<strong>Dominik Zuech<\/strong>,&nbsp;<strong>Edoardo Zorzi<\/strong>,&nbsp;<strong>Federico Tomasoni<\/strong>,&nbsp;<strong>Andrea Chesi<\/strong>,&nbsp;<strong>Jole Galli<\/strong>&nbsp;(<em>ski cross<\/em>),&nbsp;<strong>Miro Tabanelli<\/strong>,&nbsp;<a href=\"https:\/\/milanocortina2026.coni.it\/it\/italia-team\/club-olimpico\/scheda_atleta\/2622:Flora_TABANELLI.html\" target=\"_blank\" rel=\"noreferrer noopener\"><strong>Flora Tabanelli<\/strong><\/a>,&nbsp;<strong>Maria Gasslitter<\/strong>&nbsp;(<em>big air &amp; slopestyle<\/em>) e&nbsp;<strong>Manuela Passaretta<\/strong>&nbsp;(<em>moguls &amp; dual moguls<\/em>). Il primo centro accoglier\u00e0 anche gli specialisti dello&nbsp;<a href=\"https:\/\/milanocortina2026.coni.it\/it\/discipline\/disciplina\/82:Snowboard.html\" target=\"_blank\" rel=\"noreferrer noopener\"><strong><em>snowboard<\/em><\/strong><\/a>, le cui sfide vedranno all\u2019opera ben 17 italiani (nove al maschile ed otto al femminile):&nbsp;<a href=\"https:\/\/milanocortina2026.coni.it\/it\/italia-team\/club-olimpico\/scheda_atleta\/1828:Roland_FISCHNALLER.html\" target=\"_blank\" rel=\"noreferrer noopener\"><strong>Roland Fischnaller<\/strong><\/a>,&nbsp;<strong>Aaron March<\/strong>,&nbsp;<a href=\"https:\/\/milanocortina2026.coni.it\/it\/italia-team\/club-olimpico\/scheda_atleta\/1853:Maurizio_BORMOLINI.html\" target=\"_blank\" rel=\"noreferrer noopener\"><strong>Maurizio Bormolini<\/strong><\/a>,&nbsp;<strong>Mirko Felicetti<\/strong>,&nbsp;<strong>Lucia Dalmasso<\/strong>,&nbsp;<strong>Elisa Caffont<\/strong>,&nbsp;<strong>Jasmin Coratti<\/strong>,&nbsp;<strong>Sofia Valle&nbsp;<\/strong>(PGS),&nbsp;<strong>Omar Visintin<\/strong>,&nbsp;<a href=\"https:\/\/milanocortina2026.coni.it\/it\/italia-team\/club-olimpico\/scheda_atleta\/1851:Lorenzo_SOMMARIVA.html\" target=\"_blank\" rel=\"noreferrer noopener\"><strong>Lorenzo Sommariva<\/strong><\/a>,&nbsp;<strong>Filippo Ferrari<\/strong>,&nbsp;<a href=\"https:\/\/milanocortina2026.coni.it\/it\/italia-team\/club-olimpico\/scheda_atleta\/1836:Michela_MOIOLI.html\" target=\"_blank\" rel=\"noreferrer noopener\"><strong>Michela Moioli<\/strong><\/a>,&nbsp;<strong>Lisa Francesia Boirai<\/strong>,&nbsp;<strong>Sofia Groblechner<\/strong>&nbsp;(cross),&nbsp;<strong>Ian Matteoli<\/strong>,&nbsp;<strong>Maril\u00f9 Poluzzi<\/strong>&nbsp;(big air &amp; slopestyle) e&nbsp;<strong>Louis Philip Vito III<\/strong>&nbsp;(halfpipe).<\/p>\n\n\n\n<p>Cos\u00ec come per la combinata nordica ed il&nbsp;<em>freestyle<\/em>, anche le competizioni di&nbsp;<a href=\"https:\/\/milanocortina2026.coni.it\/it\/discipline\/disciplina\/76:Sci_Alpino.html\" target=\"_blank\" rel=\"noreferrer noopener\"><strong>sci alpino<\/strong><\/a>&nbsp;si articoleranno sulla neve di due impianti. Il&nbsp;<a href=\"https:\/\/milanocortina2026.coni.it\/it\/gare\/impianti\/impianto\/81:Tofane_Alpine_Skiing_Centre.html\" target=\"_blank\" rel=\"noreferrer noopener\"><strong><em>Tofane Alpine Skiing Centre<\/em><\/strong>&nbsp;<\/a>di&nbsp;<strong>Cortina d\u2019Ampezzo<\/strong>&nbsp;ospiter\u00e0 le gare femminili, che vedranno in azione 11 azzurre:&nbsp;<a href=\"https:\/\/milanocortina2026.coni.it\/it\/italia-team\/club-olimpico\/scheda_atleta\/1590:Sofia_GOGGIA.html\" target=\"_blank\" rel=\"noreferrer noopener\"><strong>Sofia Goggia<\/strong><\/a>,&nbsp;<a href=\"https:\/\/milanocortina2026.coni.it\/it\/italia-team\/club-olimpico\/scheda_atleta\/1562:Federica_BRIGNONE.html\" target=\"_blank\" rel=\"noreferrer noopener\"><strong>Federica Brignone<\/strong><\/a>,&nbsp;<strong>Nicol Delago<\/strong>,&nbsp;<strong>Laura Pirovano<\/strong>,&nbsp;<strong>Lara Della Mea<\/strong>,&nbsp;<strong>Elena Curtoni<\/strong>,&nbsp;<strong>Nadia Delago<\/strong>,&nbsp;<strong>Martina Peterlini<\/strong>,&nbsp;<strong>Asja Zenere<\/strong>,&nbsp;<strong>Anna Trocker<\/strong>&nbsp;e&nbsp;<strong>Giada D&#8217;Antonio<\/strong>. Lo&nbsp;<a href=\"https:\/\/milanocortina2026.coni.it\/it\/gare\/impianti\/impianto\/80:Stelvio_Ski_Centre.html\" target=\"_blank\" rel=\"noreferrer noopener\"><strong><em>Stelvio Ski Centre<\/em><\/strong>&nbsp;<\/a>di&nbsp;<strong>Bormio<\/strong>, invece, sar\u00e0 la casa di quelle maschili, in cui saranno della partita 10 azzurri:&nbsp;<strong>Giovanni Franzoni<\/strong>,&nbsp;<a href=\"https:\/\/milanocortina2026.coni.it\/it\/italia-team\/club-olimpico\/scheda_atleta\/1577:Dominik_PARIS.html\" target=\"_blank\" rel=\"noreferrer noopener\"><strong>Dominik Paris<\/strong><\/a>,&nbsp;<strong>Florian Schieder<\/strong>,&nbsp;<strong>Mattia Casse<\/strong>,&nbsp;<strong>Christof Innerhofer<\/strong>,&nbsp;<strong>Luca De Aliprandini<\/strong>,&nbsp;<strong>Alex Vinatzer<\/strong>,&nbsp;<a href=\"https:\/\/milanocortina2026.coni.it\/it\/italia-team\/club-olimpico\/scheda_atleta\/2633:Tobias_KASTLUNGER.html\" target=\"_blank\" rel=\"noreferrer noopener\"><strong>Tobias Kastlunger<\/strong><\/a>,&nbsp;<strong>Tommaso Saccardi&nbsp;<\/strong>e&nbsp;<strong>Tommaso Sala<\/strong>. Quest\u2019ultimo impianto sar\u00e0 la casa anche delle prove sprint e della staffetta mista dello&nbsp;<a href=\"https:\/\/milanocortina2026.coni.it\/it\/discipline\/disciplina\/94:Sci_Alpinismo.html\" target=\"_blank\" rel=\"noreferrer noopener\"><strong>sci alpinismo<\/strong><\/a>, disciplina introdotta per la prima volta ai Giochi Olimpici Giovanili di Losanna 2020 e che \u00e8 pronta per effettuare il proprio debutto a cinque cerchi anche a livello&nbsp;<em>senior<\/em>. A difendere il tricolore ci penseranno un uomo e due donne:<a href=\"https:\/\/milanocortina2026.coni.it\/it\/italia-team\/club-olimpico\/scheda_atleta\/2636:Michele_BOSCACCI.html\" target=\"_blank\" rel=\"noreferrer noopener\">&nbsp;<strong>Michele Boscacci<\/strong><\/a>,&nbsp;<a href=\"https:\/\/milanocortina2026.coni.it\/it\/italia-team\/club-olimpico\/scheda_atleta\/2638:Alba_DE_SILVESTRO.html\" target=\"_blank\" rel=\"noreferrer noopener\"><strong>Alba De Silvestro<\/strong>&nbsp;<\/a>e&nbsp;<strong>Giulia Murada<\/strong>.<\/p>\n\n\n\n<p>Di seguito l\u2019elenco completo dei convocati azzurri&nbsp;<em>(foto CONI)<\/em>.<\/p>\n\n\n\n<p><strong>Federazione Italiana Sport Invernali (FISI) &#8211; 109 azzurri (56 uomini + 53 donne)<\/strong><\/p>\n\n\n\n<p><strong>BIATHLON (10)<\/strong><\/p>\n\n\n\n<p><strong>Uomini (5):&nbsp;<\/strong>Tommaso Giacomel, Lukas Hofer, Patrick Braunhofer, Elia Zeni, Nicola Romanin<\/p>\n\n\n\n<p><strong>Donne (5):<\/strong>&nbsp;Dorothea Wierer, Lisa Vittozzi, Rebecca Passler, Michela Carrara, Hannah Auchentaller<\/p>\n\n\n\n<p><strong>BOB (10)<\/strong><\/p>\n\n\n\n<p><strong>Uomini (5):<\/strong>&nbsp;Patrick Baumgartner, Robert Gino Mircea, Lorenzo Bilotti, Eric Fantazzini, Alex Verginer<\/p>\n\n\n\n<p><strong>Donne (5):&nbsp;<\/strong>Giada Andreutti, Simona De Silvestro, Anna Costella, Alessia Gatti, Noemi Cavalleri<\/p>\n\n\n\n<p><strong>SKELETON (4)<\/strong><\/p>\n\n\n\n<p><strong>Uomini (2):<\/strong>&nbsp;Amedeo Bagnis, Mattia Gaspari<\/p>\n\n\n\n<p><strong>Donne (2):<\/strong>&nbsp;Valentina Margaglio, Alessandra Fumagalli<\/p>\n\n\n\n<p><strong>SLITTINO (11)<\/strong><\/p>\n\n\n\n<p><strong>Uomini (7):<\/strong>&nbsp;Dominik Fischnaller, Leon Felderer, Alex Gufler, Ivan Nagler, Fabian Malleier, Emanuel Rieder, Simon Kainzwaldner<\/p>\n\n\n\n<p><strong>Donne (4):<\/strong>&nbsp;Andrea Voetter, Marion Oberhofer, Verena Hofer, Sandra Robatscher<\/p>\n\n\n\n<p><strong>COMBINATA NORDICA (3)<\/strong><\/p>\n\n\n\n<p><strong>Uomini (3):<\/strong>&nbsp;Samuel Costa, Alessandro Pittin, Aaron Kostner<\/p>\n\n\n\n<p><strong>SCI DI FONDO (13)<\/strong><\/p>\n\n\n\n<p><strong>Uomini (6):&nbsp;<\/strong>Federico Pellegrino, Elia Barp, Davide Graz, Martino Carollo, Simone Mocellini, Simone Dapr\u00e0<\/p>\n\n\n\n<p><strong>Donne (7):&nbsp;<\/strong>Federica Cassol, Caterina Ganz, Iris De Martin Pinter, Maria Gismondi, Martina Di Centa, Nicole Monsorno, Anna Comarella<\/p>\n\n\n\n<p><strong>SALTO CON GLI SCI (7)<\/strong><\/p>\n\n\n\n<p><strong>Uomini (3):&nbsp;<\/strong>Giovanni Bresadola, Alex Insam, Francesco Cecon<\/p>\n\n\n\n<p><strong>Donne (4):&nbsp;<\/strong>Annika Sieff, Martina Zanitzer, Martina Ambrosi, Jessica Malsiner<\/p>\n\n\n\n<p><strong>FREESTYLE (10)<\/strong><\/p>\n\n\n\n<p><strong>Uomini (5):<\/strong>&nbsp;Simone Deromedis, Dominik Zuech, Edoardo Zorzi, Federico Tomasoni (ski cross), Miro Tabanelli (big air &amp; slopestyle)<\/p>\n\n\n\n<p><strong>Donne (5):&nbsp;<\/strong>Andrea Chesi, Jole Galli (ski cross), Flora Tabanelli, Maria Gasslitter (big air &amp; slopestyle), Manuela Passaretta (moguls &amp; dual moguls)<\/p>\n\n\n\n<p><strong>SNOWBOARD (17)<\/strong><\/p>\n\n\n\n<p><strong>Uomini (9):&nbsp;<\/strong>Roland Fischnaller, Aaron March, Maurizio Bormolini, Mirko Felicetti (PGS), Omar Visintin, Lorenzo Sommariva, Filippo Ferrari (cross), Ian Matteoli (big air &amp; slopestyle), Louis Philip Vito III (halfpipe)<\/p>\n\n\n\n<p><strong>Donne (8):&nbsp;<\/strong>Lucia Dalmasso, Elisa Caffont, Jasmin Coratti, Sofia Valle (PGS), Michela Moioli, Lisa Francesia Boirai, Sofia Groblechner (cross), Maril\u00f9 Poluzzi (big air &amp; slopestyle)<\/p>\n\n\n\n<p><strong>SCI ALPINO (21)<\/strong><\/p>\n\n\n\n<p><strong>Uomini (10):&nbsp;<\/strong>Giovanni Franzoni, Dominik Paris, Florian Schieder, Mattia Casse, Christof Innerhofer, Luca De Aliprandini, Alex Vinatzer, Tobias Kastlunger, Tommaso Saccardi, Tommaso Sala<\/p>\n\n\n\n<p><strong>Donne (11):&nbsp;<\/strong>Sofia Goggia, Federica Brignone, Nicol Delago, Laura Pirovano, Lara Della Mea, Elena Curtoni, Nadia Delago, Martina Peterlini, Asja Zenere, Anna Trocker, Giada D&#8217;Antonio<\/p>\n\n\n\n<p><strong>SCI ALPINISMO (3)<\/strong><\/p>\n\n\n\n<p><strong>Uomini (1):&nbsp;<\/strong>Michele Boscacci<\/p>\n\n\n\n<p><strong>Donne (2):<\/strong>&nbsp;Alba De Silvestro, Giulia Murada<\/p>\n","protected":false},"excerpt":{"rendered":"<p>Saranno nel complesso&nbsp;196 (103 uomini + 93 donne)&nbsp;gli&nbsp;atleti&nbsp;dell\u2019Italia Team&nbsp;impegnati ai&nbsp;Giochi&nbsp;di&nbsp;Milano Cortina 2026, che partir\u00e0 ufficialmente nella serata di venerd\u00ec 6 febbraio con la Cerimonia d\u2019Apertura. Agli 87 azzurri (47 uomini + 40 donne) dei cinque sport sul ghiaccio&nbsp;gi\u00e0 selezionati una settimana fa, infatti, si sono aggiunti i&nbsp;109 (56 uomini + 53 donne)&nbsp;delle&nbsp;11 discipline invernali, le cui gare si andranno ad&hellip;<\/p>\n","protected":false},"author":33,"featured_media":31232,"comment_status":"open","ping_status":"open","sticky":false,"template":"","format":"standard","meta":{"_acf_changed":false,"footnotes":""},"categories":[9,14,15,3,6],"tags":[],"acf":[],"_links":{"self":[{"href":"https:\/\/comitati.fisi.org\/veneto\/wp-json\/wp\/v2\/posts\/31231"}],"collection":[{"href":"https:\/\/comitati.fisi.org\/veneto\/wp-json\/wp\/v2\/posts"}],"about":[{"href":"https:\/\/comitati.fisi.org\/veneto\/wp-json\/wp\/v2\/types\/post"}],"author":[{"embeddable":true,"href":"https:\/\/comitati.fisi.org\/veneto\/wp-json\/wp\/v2\/users\/33"}],"replies":[{"embeddable":true,"href":"https:\/\/comitati.fisi.org\/veneto\/wp-json\/wp\/v2\/comments?post=31231"}],"version-history":[{"count":1,"href":"https:\/\/comitati.fisi.org\/veneto\/wp-json\/wp\/v2\/posts\/31231\/revisions"}],"predecessor-version":[{"id":31233,"href":"https:\/\/comitati.fisi.org\/veneto\/wp-json\/wp\/v2\/posts\/31231\/revisions\/31233"}],"wp:featuredmedia":[{"embeddable":true,"href":"https:\/\/comitati.fisi.org\/veneto\/wp-json\/wp\/v2\/media\/31232"}],"wp:attachment":[{"href":"https:\/\/comitati.fisi.org\/veneto\/wp-json\/wp\/v2\/media?parent=31231"}],"wp:term":[{"taxonomy":"category","embeddable":true,"href":"https:\/\/comitati.fisi.org\/veneto\/wp-json\/wp\/v2\/categories?post=31231"},{"taxonomy":"post_tag","embeddable":true,"href":"https:\/\/comitati.fisi.org\/veneto\/wp-json\/wp\/v2\/tags?post=31231"}],"curies":[{"name":"wp","href":"https:\/\/api.w.org\/{rel}","templated":true}]}}