{"id":31223,"date":"2026-01-25T18:54:37","date_gmt":"2026-01-25T18:54:37","guid":{"rendered":"https:\/\/comitati.fisi.org\/veneto\/?p=31223"},"modified":"2026-01-25T18:55:12","modified_gmt":"2026-01-25T18:55:12","slug":"fondo-elia-barp-13-nella-20-km-mass-strat-di-goms","status":"publish","type":"post","link":"https:\/\/comitati.fisi.org\/veneto\/blog\/2026\/01\/25\/fondo-elia-barp-13-nella-20-km-mass-strat-di-goms\/","title":{"rendered":"Fondo, Elia Barp 13. nella 20 km mass start di Goms"},"content":{"rendered":"\n<p>Anche nell\u2019ultimo appuntamento prima della Coppa del mondo Elia Barp \u00e8 il migliore degli italiani.<br>Oggi il massimo circuito degli sci stretti ha completato la tre giorni di Goms (Svizzera) con una 20 chilometri in tecnica classica. \u00c8 andata in scena la solita \u201cgara sociale\u201d Norvegese, con sette \u201cvichinghi\u201d ai primi sette posti. Il finanziere di Trichiana si \u00e8 difeso alla grande, chiudendo la propria fatica poco fuori dalle prime dieci posizioni: tredicesimo con un distacco di 1\u201924\u201d dal vincitore, Johannes Klaebo. <br>In campo femminile, successo per la finlandese che ha preceduto la statunitense Jessie Diggins e la norvegese Astrid Slind (Norvegia). Si \u00e8 dovuta accontentare della 37.ma piazza la cortinese delle Fiamme Oro Anna Comarella.<br>Nella graduatoria generale della Coppa mondo maschile comanda Klaebo con 1.539 punti davanti ai connazionali Harald Amundsen e Mattis Stenshagen. A interrompere il dominio norvegese \u00e8 il capitano della squadra azzurra, Federico Pellegrino, quarto con 892 punti. Barp occupa un\u2019ottima ottava piazza, con 703 punti.<br>Tra le donne guida Diggins. La prima delle azzurre \u00e8 la trentina Caterina Ganz. Sono rispettivamente 39.ma e 79.ma la comeliana Iris De Martin (ieri assente) e Comarella.<br>Nelle prossime ore verranno ufficializzati gli azzurri per le Olimpiadi. I selezionati affronteranno un raduno a Dobbiaco fino all\u2019apertura delle piste della Val di Fiemme, localit\u00e0 di gara per i Giochi per quanto riguarda lo sci di fondo.<br>La prima gara del programma olimpico sar\u00e0 lo skiathlon femminile, sabato 7 febbraio. Il giorno successivo si svolger\u00e0 lo skiathlon maschile.<\/p>\n\n\n\n<p><br><a href=\"https:\/\/www.fis-ski.com\/DB\/general\/event-details.html?sectorcode=CC&amp;eventid=58065&amp;seasoncode=2026\">CLASSIFICHE GOMS<\/a><\/p>\n\n\n\n<p><a href=\"https:\/\/www.fis-ski.com\/DB\/cross-country\/cup-standings.html?sectorcode=CC&amp;mi=menu-cup-standings\">CLASSIFICHE GENERALI COPPA DEL MONDO<\/a><\/p>\n","protected":false},"excerpt":{"rendered":"<p>Il finanziere bellunese \u00e8 ottavo nella classifica generale<\/p>\n","protected":false},"author":33,"featured_media":30592,"comment_status":"open","ping_status":"open","sticky":false,"template":"","format":"standard","meta":{"_acf_changed":false,"footnotes":""},"categories":[9,10,13,14,15,16,3,5],"tags":[28,12],"acf":[],"_links":{"self":[{"href":"https:\/\/comitati.fisi.org\/veneto\/wp-json\/wp\/v2\/posts\/31223"}],"collection":[{"href":"https:\/\/comitati.fisi.org\/veneto\/wp-json\/wp\/v2\/posts"}],"about":[{"href":"https:\/\/comitati.fisi.org\/veneto\/wp-json\/wp\/v2\/types\/post"}],"author":[{"embeddable":true,"href":"https:\/\/comitati.fisi.org\/veneto\/wp-json\/wp\/v2\/users\/33"}],"replies":[{"embeddable":true,"href":"https:\/\/comitati.fisi.org\/veneto\/wp-json\/wp\/v2\/comments?post=31223"}],"version-history":[{"count":2,"href":"https:\/\/comitati.fisi.org\/veneto\/wp-json\/wp\/v2\/posts\/31223\/revisions"}],"predecessor-version":[{"id":31225,"href":"https:\/\/comitati.fisi.org\/veneto\/wp-json\/wp\/v2\/posts\/31223\/revisions\/31225"}],"wp:featuredmedia":[{"embeddable":true,"href":"https:\/\/comitati.fisi.org\/veneto\/wp-json\/wp\/v2\/media\/30592"}],"wp:attachment":[{"href":"https:\/\/comitati.fisi.org\/veneto\/wp-json\/wp\/v2\/media?parent=31223"}],"wp:term":[{"taxonomy":"category","embeddable":true,"href":"https:\/\/comitati.fisi.org\/veneto\/wp-json\/wp\/v2\/categories?post=31223"},{"taxonomy":"post_tag","embeddable":true,"href":"https:\/\/comitati.fisi.org\/veneto\/wp-json\/wp\/v2\/tags?post=31223"}],"curies":[{"name":"wp","href":"https:\/\/api.w.org\/{rel}","templated":true}]}}