{"id":31181,"date":"2026-01-25T09:11:28","date_gmt":"2026-01-25T09:11:28","guid":{"rendered":"https:\/\/comitati.fisi.org\/veneto\/?p=31181"},"modified":"2026-01-25T09:12:52","modified_gmt":"2026-01-25T09:12:52","slug":"alpino-magia-franzoni-a-kitzbuhel","status":"publish","type":"post","link":"https:\/\/comitati.fisi.org\/veneto\/blog\/2026\/01\/25\/alpino-magia-franzoni-a-kitzbuhel\/","title":{"rendered":"Alpino, magia Franzoni a Kitzb\u00fchel!"},"content":{"rendered":"\n<p>Giovanni Franzoni entra nel mito dello sci. Giovanni Franzoni domina la Streif di Kitzb\u00fchel, al secondo tentativo, a soli 24 anni, pi\u00f9 forte di tutti, pi\u00f9 forte del grande Marco Odermatt che deve inchinarsi di fronte all\u2019azzurro bresciano. Franzoni diventa il quarto azzuro ad imporsi nella mitica Streif: prima di lui, solo Dominik Paris (3 volte nel 2013, 2017 e 2019), Kristian Ghedina nel 1998 e Peter Fill nel 2016 hanno saputo entrare nella leggenda dello sci. Per il classe 2004 di Manerba sul Garda, tesserato per le Fiamme Gialle, \u00e8 il secondo successo della carriera, solo otto giorni dopo la vittoria nel superG di Wengen, il quarto podio di questa stagione eccezionale.<\/p>\n\n\n\n<p>L&#8217;atleta che \u00e8 cresciuto allo Ski College Veneto Falcade e nel nostro comitato affronta la Streif con il pettorale numero 2, preceduto dal solo Mattia Casse, e l\u2019impressione \u00e8 sin da subito entusiasmante. Nessuna esitazione, sempre alla spinta, apparentemente cos\u00ec facile come solo i grandi sanno fare. Il miglior tempo in entrambe le prove effettuate era pi\u00f9 di un\u2019indicazione: nella seconda parte di gara va oltre la perfezione, per planare sul traguardo in 1\u201952\u203331. Un tempo che solo Odermatt sapr\u00e0 avvicinare, vedendo svanire per sette centesimi l\u2019appuntamento con la prima vittoria nella discesa di Kitzb\u00fchel.<br>Sono invece 67 i centesimi di distacco di Schieder da Franzoni: l\u2019altoatesino \u00e8 a sua volta autore di una prova pi\u00f9 che ottima che lo tiene sul podio fino alla discesa del francese Maxence Muzaton che si inserisce a sorpresa in terza piazza a 0\u203339.<br>Schieder scivola cos\u00ec in quarta piazza; come gi\u00e0 nel superG di venerd\u00ec, \u00e8 di altissimo livello la prova dell\u2019intero team azzurro che vede Dominik Paris ottimo settimo a 0\u203393 e Mattia Casse undicesimo a 1\u203340.<br>A seguire, Christof Innerhofer trova il 28esimo posto a 1\u203390, con Guglielmo Bosca (+2\u203345) e Benjamin Alliod (+2\u203348) che si inseriscono al di fuori della zona punti, pi\u00f9 attardato Marco Abbruzzese.<\/p>\n\n\n\n<p>\u201cE\u2019 un sogno, sto tremando dall\u2019emozione. Il risultato del superG di ieri mi ha sgravato di un po\u2019 di pressione ed ero particolarmente carico. Prima della stradina forse ho fatto qualche sbavatura, ma come in prova da l\u00ec in poi ho sciato da paura, secondo me.<br>E\u2019 stata una giornata un po\u2019 speciale, in partenza avevo in mente Matteo Franzoso perch\u00e8 l\u2019anno scorso condividevamo la stessa camera. Ho pensato subito che fosse il momento giusto per dedicargli LA Gara, perch\u00e8 questa \u00e8 la gara che tutti vogliono vincere. Non so bene come abbia fatto, \u00e8 stata la miglior dedica che potessi fargli. Non tutti possono vincere a Kitzb\u00fchel, io ce l\u2019ho fatta al secondo tentativo, non so bene come.<\/p>\n\n\n\n<p>Sapevo che Odermatt voleva fare la gara perch\u00e8 non aveva mai vinto qui, ma quando sono arrivato in fondo con quel vantaggio su Mattia Casse mi sono detto che avevo fatto qualcosa di grande. Sapevo che per starmi davanti, Odermatt aveva bisogno di un grande vantaggio a met\u00e0 pista, il gioco dei centesimi \u00e8 stato dalla mia parte oggi. Ho visto Odi con le lacrime agli occhi, mi sono permesso di consolarlo dicendogli che \u00e8 un campione e che la vittoria arriver\u00e0.\u201d.<\/p>\n\n\n\n<p>In cinque settimane la carriera di Franzoni \u00e8 cambiata drasticamente.<br>\u201cLa testa fa tanta differenza, per un ragazzo come me che \u00e8 tante volte \u00e8 un po\u2019 insicuro, il crederci \u00e8 fondamentale: \u00e8 questa credo la grande differenza rispetto ai mesi scorsi. In gara facevo fatica a sciogliermi, ora ci credo e posso aumentare la confidenza sugli sci\u201d.<\/p>\n\n\n\n<p><a href=\"https:\/\/www.fis-ski.com\/DB\/general\/event-details.html?sectorcode=AL&amp;eventid=58020&amp;seasoncode=2026\">CLASSIFICA<\/a><\/p>\n\n\n\n<p><\/p>\n\n\n\n<p><em>credito immagine Pentaphoto<\/em><\/p>\n","protected":false},"excerpt":{"rendered":"<p>Vittoria in discesa nel tempio della velocit\u00e0 per il ragazzo bresciano cresciuto allo Ski College di Falcade e nel nostro comitato<\/p>\n","protected":false},"author":33,"featured_media":31182,"comment_status":"open","ping_status":"open","sticky":false,"template":"","format":"standard","meta":{"_acf_changed":false,"footnotes":""},"categories":[10,13,14,15,3,5,19,6],"tags":[193],"acf":[],"_links":{"self":[{"href":"https:\/\/comitati.fisi.org\/veneto\/wp-json\/wp\/v2\/posts\/31181"}],"collection":[{"href":"https:\/\/comitati.fisi.org\/veneto\/wp-json\/wp\/v2\/posts"}],"about":[{"href":"https:\/\/comitati.fisi.org\/veneto\/wp-json\/wp\/v2\/types\/post"}],"author":[{"embeddable":true,"href":"https:\/\/comitati.fisi.org\/veneto\/wp-json\/wp\/v2\/users\/33"}],"replies":[{"embeddable":true,"href":"https:\/\/comitati.fisi.org\/veneto\/wp-json\/wp\/v2\/comments?post=31181"}],"version-history":[{"count":4,"href":"https:\/\/comitati.fisi.org\/veneto\/wp-json\/wp\/v2\/posts\/31181\/revisions"}],"predecessor-version":[{"id":31187,"href":"https:\/\/comitati.fisi.org\/veneto\/wp-json\/wp\/v2\/posts\/31181\/revisions\/31187"}],"wp:featuredmedia":[{"embeddable":true,"href":"https:\/\/comitati.fisi.org\/veneto\/wp-json\/wp\/v2\/media\/31182"}],"wp:attachment":[{"href":"https:\/\/comitati.fisi.org\/veneto\/wp-json\/wp\/v2\/media?parent=31181"}],"wp:term":[{"taxonomy":"category","embeddable":true,"href":"https:\/\/comitati.fisi.org\/veneto\/wp-json\/wp\/v2\/categories?post=31181"},{"taxonomy":"post_tag","embeddable":true,"href":"https:\/\/comitati.fisi.org\/veneto\/wp-json\/wp\/v2\/tags?post=31181"}],"curies":[{"name":"wp","href":"https:\/\/api.w.org\/{rel}","templated":true}]}}