{"id":31168,"date":"2026-01-23T16:03:47","date_gmt":"2026-01-23T16:03:47","guid":{"rendered":"https:\/\/comitati.fisi.org\/veneto\/?p=31168"},"modified":"2026-01-23T17:40:55","modified_gmt":"2026-01-23T17:40:55","slug":"alpino-molin-sul-podio-del-gran-premio-italia-a-san-vigilio-di-marebbe","status":"publish","type":"post","link":"https:\/\/comitati.fisi.org\/veneto\/blog\/2026\/01\/23\/alpino-molin-sul-podio-del-gran-premio-italia-a-san-vigilio-di-marebbe\/","title":{"rendered":"Alpino, Molin sul podio del Gran premio Italia a San Vigilio di Marebbe"},"content":{"rendered":"\n<p>Dopo il <a href=\"https:\/\/comitati.fisi.org\/veneto\/blog\/2026\/01\/22\/alpino-leonardo-dinca-terzo-aspiranti-nel-gran-premio-italia-di-san-vigilio-di-marebbe\/\">podio di ieri di Leonardo D&#8217;Inc\u00e0<\/a>, anche oggi \u00e8 il nostro comitato si \u00e8 messo in evidenza al Gran premio Italia Dicoflor di San Vigilio di Marebbe (Bolzano). Nel gigante odierno nella localit\u00e0 altoatesina a salire sul podio della categoria Aspiranti \u00e8 stato Piero Molin: il portacolori dello Sci club Cortina ha chiuso al secondo posto Aspiranti e al 12.mo assoluto.<br>Peccato per Alessandro Guerresco (Sci club Cortina), primo nella prima manche e poi uscita nella seconda.<\/p>\n\n\n\n<p><a href=\"https:\/\/www.fis-ski.com\/DB\/general\/event-details.html?sectorcode=AL&amp;eventid=59446&amp;seasoncode=2026\">CLASSIFICHE<\/a><\/p>\n\n\n\n<p><\/p>\n","protected":false},"excerpt":{"rendered":"<p>2. Aspiranti e 12. assoluto<\/p>\n","protected":false},"author":33,"featured_media":31169,"comment_status":"open","ping_status":"open","sticky":false,"template":"","format":"standard","meta":{"_acf_changed":false,"footnotes":""},"categories":[9,13,14,15,3,5,19,6],"tags":[372,948],"acf":[],"_links":{"self":[{"href":"https:\/\/comitati.fisi.org\/veneto\/wp-json\/wp\/v2\/posts\/31168"}],"collection":[{"href":"https:\/\/comitati.fisi.org\/veneto\/wp-json\/wp\/v2\/posts"}],"about":[{"href":"https:\/\/comitati.fisi.org\/veneto\/wp-json\/wp\/v2\/types\/post"}],"author":[{"embeddable":true,"href":"https:\/\/comitati.fisi.org\/veneto\/wp-json\/wp\/v2\/users\/33"}],"replies":[{"embeddable":true,"href":"https:\/\/comitati.fisi.org\/veneto\/wp-json\/wp\/v2\/comments?post=31168"}],"version-history":[{"count":1,"href":"https:\/\/comitati.fisi.org\/veneto\/wp-json\/wp\/v2\/posts\/31168\/revisions"}],"predecessor-version":[{"id":31170,"href":"https:\/\/comitati.fisi.org\/veneto\/wp-json\/wp\/v2\/posts\/31168\/revisions\/31170"}],"wp:featuredmedia":[{"embeddable":true,"href":"https:\/\/comitati.fisi.org\/veneto\/wp-json\/wp\/v2\/media\/31169"}],"wp:attachment":[{"href":"https:\/\/comitati.fisi.org\/veneto\/wp-json\/wp\/v2\/media?parent=31168"}],"wp:term":[{"taxonomy":"category","embeddable":true,"href":"https:\/\/comitati.fisi.org\/veneto\/wp-json\/wp\/v2\/categories?post=31168"},{"taxonomy":"post_tag","embeddable":true,"href":"https:\/\/comitati.fisi.org\/veneto\/wp-json\/wp\/v2\/tags?post=31168"}],"curies":[{"name":"wp","href":"https:\/\/api.w.org\/{rel}","templated":true}]}}