{"id":31162,"date":"2026-01-22T17:31:58","date_gmt":"2026-01-22T17:31:58","guid":{"rendered":"https:\/\/comitati.fisi.org\/veneto\/?p=31162"},"modified":"2026-01-22T17:40:55","modified_gmt":"2026-01-22T17:40:55","slug":"alpino-asja-zenere-in-coppa-a-spindleruv-mlyn","status":"publish","type":"post","link":"https:\/\/comitati.fisi.org\/veneto\/blog\/2026\/01\/22\/alpino-asja-zenere-in-coppa-a-spindleruv-mlyn\/","title":{"rendered":"Alpino, Asja Zenere in Coppa a \u0160pindler\u016fv Ml\u00fdn"},"content":{"rendered":"\n<p>La Coppa del mondo femminile di sci alpino questo fine settimana sar\u00e0 di scena in Repubblica Ceca, a \u0160pindler\u016fv Ml\u00fdn, per l\u2019ottavo appuntamento stagionale con il gigante di sabato 24 gennaio (prima manche alle 10, seconda alle 13.30 con diretta televisiva su Rai Due, Raisport ed Eurosport) e il settimo slalom di domenica 25 gennaio (prima manche alle 9.30, seconda alle ore 12.15 con diretta televisiva su Rai Due, Raisport ed Eurosport). Fra le porte larghe saranno presenti Asja Zenere, Laura Steinmair, Ilaria Ghisalberti, Carole Agnelli, Sophie Mathieu, Anna Trocker, Lara Della Mea e Giorgia Collomb, fra i pali stretti gareggeranno, oltre a Della Mea, Trocker e Collomb, anche Martina Peterlini, Emilia Mondinelli, Giulia Valleriani e Giada D\u2019Antonio. <\/p>\n\n\n\n<p><em>credito fotografico Pentaphoto<\/em><\/p>\n","protected":false},"excerpt":{"rendered":"<p>Sabato l&#8217;ottavo gigante della stagione<\/p>\n","protected":false},"author":33,"featured_media":20355,"comment_status":"open","ping_status":"open","sticky":false,"template":"","format":"standard","meta":{"_acf_changed":false,"footnotes":""},"categories":[9,10,13,14,15,7,19],"tags":[31],"acf":[],"_links":{"self":[{"href":"https:\/\/comitati.fisi.org\/veneto\/wp-json\/wp\/v2\/posts\/31162"}],"collection":[{"href":"https:\/\/comitati.fisi.org\/veneto\/wp-json\/wp\/v2\/posts"}],"about":[{"href":"https:\/\/comitati.fisi.org\/veneto\/wp-json\/wp\/v2\/types\/post"}],"author":[{"embeddable":true,"href":"https:\/\/comitati.fisi.org\/veneto\/wp-json\/wp\/v2\/users\/33"}],"replies":[{"embeddable":true,"href":"https:\/\/comitati.fisi.org\/veneto\/wp-json\/wp\/v2\/comments?post=31162"}],"version-history":[{"count":2,"href":"https:\/\/comitati.fisi.org\/veneto\/wp-json\/wp\/v2\/posts\/31162\/revisions"}],"predecessor-version":[{"id":31164,"href":"https:\/\/comitati.fisi.org\/veneto\/wp-json\/wp\/v2\/posts\/31162\/revisions\/31164"}],"wp:featuredmedia":[{"embeddable":true,"href":"https:\/\/comitati.fisi.org\/veneto\/wp-json\/wp\/v2\/media\/20355"}],"wp:attachment":[{"href":"https:\/\/comitati.fisi.org\/veneto\/wp-json\/wp\/v2\/media?parent=31162"}],"wp:term":[{"taxonomy":"category","embeddable":true,"href":"https:\/\/comitati.fisi.org\/veneto\/wp-json\/wp\/v2\/categories?post=31162"},{"taxonomy":"post_tag","embeddable":true,"href":"https:\/\/comitati.fisi.org\/veneto\/wp-json\/wp\/v2\/tags?post=31162"}],"curies":[{"name":"wp","href":"https:\/\/api.w.org\/{rel}","templated":true}]}}