{"id":31141,"date":"2026-01-21T16:41:45","date_gmt":"2026-01-21T16:41:45","guid":{"rendered":"https:\/\/comitati.fisi.org\/veneto\/?p=31141"},"modified":"2026-01-21T16:45:18","modified_gmt":"2026-01-21T16:45:18","slug":"alpino-stefano-pizzato-sfiora-la-top-ten-in-coppa-europa","status":"publish","type":"post","link":"https:\/\/comitati.fisi.org\/veneto\/blog\/2026\/01\/21\/alpino-stefano-pizzato-sfiora-la-top-ten-in-coppa-europa\/","title":{"rendered":"Alpino, Stefano Pizzato sfiora la top ten in Coppa Europa"},"content":{"rendered":"\n<p>Lo svizzero Fadri Janutin risale dalla quarta posizione provvisoria e fa suo il primo dei due giganti che compongono la tappa di Coppa Europa di Turnau, in Austria.<br>Quarto a met\u00e0 gara, l\u2019elvetico ha trovato grazie al secondo tempo parziale della manche decisiva in successo in 2\u201912\u203381 vantando un margine di 14 centesimi di secondo sull\u2019austriaco Noel Zwischenbrugger; terza piazza in forte rimonta per l\u2019altro svizzero Sandro Zurbr\u00fcgg a 0\u203319.<\/p>\n\n\n\n<p>Sono ben dieci le posizioni recuperate da Stefano Pizzato nella seconda manche: il veneto chiude al dodicesimo posto con un gap di 0\u203363, seguito da Simon Talacci, 13esimo a 0\u203382 ed a sua volta protagonista di una buona risalita dopo il diciannovesimo posto nella prima.<br>Scivola invece in 17esima piazza Davide Seppi (+1\u203309), seguito da Tobias Kastlunger (+1\u203318) e Simon Maurberger (+1\u203358).<\/p>\n\n\n\n<p>Zurbr\u00fcgg supera cos\u00ec Kastlunger nella classifica di specialit\u00e0: 299 per l\u2019elvetico, 293 per l\u2019altoatesino con il finnico Eduard Hallberg che mantiene la terza piazza (245); nella generale il quarto posto di giornata permette ad Hans Grahl Madsen di salire a quota 535 punti per precedere il francese Aulnette (370) e Zurbr\u00fcgg che con 321 scavalca anche in questo caso Kastlunger, quarto con 293.<br><br><a href=\"https:\/\/www.fis-ski.com\/DB\/general\/event-details.html?sectorcode=AL&amp;eventid=58124&amp;seasoncode=2026\">CLASSIFICHE<\/a><\/p>\n","protected":false},"excerpt":{"rendered":"<p>12. in gigante a Turnau, Austria<\/p>\n","protected":false},"author":33,"featured_media":24638,"comment_status":"open","ping_status":"open","sticky":false,"template":"","format":"standard","meta":{"_acf_changed":false,"footnotes":""},"categories":[13,14,15,7,3,5,19],"tags":[698,110],"acf":[],"_links":{"self":[{"href":"https:\/\/comitati.fisi.org\/veneto\/wp-json\/wp\/v2\/posts\/31141"}],"collection":[{"href":"https:\/\/comitati.fisi.org\/veneto\/wp-json\/wp\/v2\/posts"}],"about":[{"href":"https:\/\/comitati.fisi.org\/veneto\/wp-json\/wp\/v2\/types\/post"}],"author":[{"embeddable":true,"href":"https:\/\/comitati.fisi.org\/veneto\/wp-json\/wp\/v2\/users\/33"}],"replies":[{"embeddable":true,"href":"https:\/\/comitati.fisi.org\/veneto\/wp-json\/wp\/v2\/comments?post=31141"}],"version-history":[{"count":2,"href":"https:\/\/comitati.fisi.org\/veneto\/wp-json\/wp\/v2\/posts\/31141\/revisions"}],"predecessor-version":[{"id":31143,"href":"https:\/\/comitati.fisi.org\/veneto\/wp-json\/wp\/v2\/posts\/31141\/revisions\/31143"}],"wp:featuredmedia":[{"embeddable":true,"href":"https:\/\/comitati.fisi.org\/veneto\/wp-json\/wp\/v2\/media\/24638"}],"wp:attachment":[{"href":"https:\/\/comitati.fisi.org\/veneto\/wp-json\/wp\/v2\/media?parent=31141"}],"wp:term":[{"taxonomy":"category","embeddable":true,"href":"https:\/\/comitati.fisi.org\/veneto\/wp-json\/wp\/v2\/categories?post=31141"},{"taxonomy":"post_tag","embeddable":true,"href":"https:\/\/comitati.fisi.org\/veneto\/wp-json\/wp\/v2\/tags?post=31141"}],"curies":[{"name":"wp","href":"https:\/\/api.w.org\/{rel}","templated":true}]}}