{"id":31138,"date":"2026-01-20T19:33:52","date_gmt":"2026-01-20T19:33:52","guid":{"rendered":"https:\/\/comitati.fisi.org\/veneto\/?p=31138"},"modified":"2026-01-20T19:36:52","modified_gmt":"2026-01-20T19:36:52","slug":"fondo-comarella-de-martin-e-barp-in-coppa-del-mondo-a-goms","status":"publish","type":"post","link":"https:\/\/comitati.fisi.org\/veneto\/blog\/2026\/01\/20\/fondo-comarella-de-martin-e-barp-in-coppa-del-mondo-a-goms\/","title":{"rendered":"Fondo, Comarella, De Martin e Barp in Coppa del Mondo a Goms"},"content":{"rendered":"\n<p>Da Oberhof (Germania), dove tra sabato e domenica Iris De Martin ed Elia Barp hanno colto i loro migliori risultati nel massimo circuito, la Coppa del mondo di fondo si trasferisce in Svizzera. Da venerd\u00ec a domenica a Goms si disputer\u00e0 l&#8217;ultimo appuntamento di Coppa prima di Milano Cortina 2026: si comincia venerd\u00ec con la team sprint skating, per proseguire sabato con la sprint in classico del giorno e chiudere domenica con una mass start in classico sulla distanza di 20 chilometri. Tre i ragazzi veneti convocati: oltre a De Martin e Barp ci sar\u00e0 anche Anna Comarella (<em>nell&#8217;immagine Pentaphoto<\/em>).<\/p>\n\n\n\n<p><\/p>\n","protected":false},"excerpt":{"rendered":"<p>Nella localit\u00e0 svizzera si comincia venerd\u00ec con la team sprint skating, per proseguire sabato con la sprint in classico del giorno e chiudere domenica con una mass start in classico sulla distanza di 20 chilometri<\/p>\n","protected":false},"author":33,"featured_media":29103,"comment_status":"open","ping_status":"open","sticky":false,"template":"","format":"standard","meta":{"_acf_changed":false,"footnotes":""},"categories":[9,10,13,15,7],"tags":[28,12,21],"acf":[],"_links":{"self":[{"href":"https:\/\/comitati.fisi.org\/veneto\/wp-json\/wp\/v2\/posts\/31138"}],"collection":[{"href":"https:\/\/comitati.fisi.org\/veneto\/wp-json\/wp\/v2\/posts"}],"about":[{"href":"https:\/\/comitati.fisi.org\/veneto\/wp-json\/wp\/v2\/types\/post"}],"author":[{"embeddable":true,"href":"https:\/\/comitati.fisi.org\/veneto\/wp-json\/wp\/v2\/users\/33"}],"replies":[{"embeddable":true,"href":"https:\/\/comitati.fisi.org\/veneto\/wp-json\/wp\/v2\/comments?post=31138"}],"version-history":[{"count":2,"href":"https:\/\/comitati.fisi.org\/veneto\/wp-json\/wp\/v2\/posts\/31138\/revisions"}],"predecessor-version":[{"id":31140,"href":"https:\/\/comitati.fisi.org\/veneto\/wp-json\/wp\/v2\/posts\/31138\/revisions\/31140"}],"wp:featuredmedia":[{"embeddable":true,"href":"https:\/\/comitati.fisi.org\/veneto\/wp-json\/wp\/v2\/media\/29103"}],"wp:attachment":[{"href":"https:\/\/comitati.fisi.org\/veneto\/wp-json\/wp\/v2\/media?parent=31138"}],"wp:term":[{"taxonomy":"category","embeddable":true,"href":"https:\/\/comitati.fisi.org\/veneto\/wp-json\/wp\/v2\/categories?post=31138"},{"taxonomy":"post_tag","embeddable":true,"href":"https:\/\/comitati.fisi.org\/veneto\/wp-json\/wp\/v2\/tags?post=31138"}],"curies":[{"name":"wp","href":"https:\/\/api.w.org\/{rel}","templated":true}]}}