{"id":3113,"date":"2019-01-21T16:30:29","date_gmt":"2019-01-21T16:30:29","guid":{"rendered":"http:\/\/www.fisiveneto.com\/?p=3113"},"modified":"2019-01-21T16:30:29","modified_gmt":"2019-01-21T16:30:29","slug":"esordio-in-coppa-del-mondo-per-elena-dolmen","status":"publish","type":"post","link":"https:\/\/comitati.fisi.org\/veneto\/blog\/2019\/01\/21\/esordio-in-coppa-del-mondo-per-elena-dolmen\/","title":{"rendered":"Esordio in Coppa del Mondo per Elena Dolmen!"},"content":{"rendered":"\n<p>Il sogno \u00e8 diventato realt\u00e0: Elena Dolmen esordir\u00e0 in Coppa del Mondo! Oggi la federazione ha ufficializzato la convocazione della ragazza cresciuta nello Sci club Domegge e ora portacolori del Centro sportivo Esercito. La ragazza di Pelos di Vigo di Cadore, classe 1997, \u00e8 stata selezionata per l&#8217;appuntamento che si svolger\u00e0 nei prossimi giorni in una delle localit\u00e0 di riferimento della velocit\u00e0 mondiale: Garmisch (Germania). Sabato 26 si disputer\u00e0 la discesa mentre domenica 27 il superG. \u00ab\u00c8 un sogno che diventa realt\u00e0, per Elena naturalmente ma anche per la nostra societ\u00e0\u00bb commenta Francesco Marengon, presidente dello Sci club Domegge. \u00abQuesta convocazione \u00e8 il giusto riconoscimento al grande impegno che Elena ha saputo sempre mettere nella sua attivit\u00e0 e alla perseveranza che ha impiegato per superare gli infortuni. Noi, come societ\u00e0, le diciamo brava e siamo orgogliosi. Questa convocazione la sentiamo anche un po&#8217; nostra: per un piccolo club come il nostro riuscire a portare un proprio atleta in Coppa del mondo \u00e8 un sogno. Un sogno che per noi ora \u00e8 divenuto realt\u00e0 grazie a un lavoro lungimirante che abbiamo impostato tanto tempo fa, dando vita a una collaborazione tra Sci club Domegge e Unione sportiva Valpadola. Abbiamo puntato in alto, lavorando a testa bassa, in competizione con club blasonati e in possesso di maggiori mezzi rispetto ai nostri. Un sogno che diventa realt\u00e0 e per il quale voglio ringraziare tutti coloro che hanno lavorato: dai dirigenti dello sci club allo staff di allenatori coordinato da Nicola De Martin, ai tecnici e al presidente del Comitato Veneto, Roberto Bortoluzzi. Un grazie speciale lo voglio dedicare anche a un amico che non c&#8217;\u00e8 pi\u00f9: Piero Martinelli, instancabile nel macinare chilometri con il pulmino per portare in pista i ragazzi\u00bb.<\/p>\n","protected":false},"excerpt":{"rendered":"<p>Il sogno \u00e8 diventato realt\u00e0: Elena Dolmen esordir\u00e0 in Coppa del Mondo! Oggi la federazione ha ufficializzato la convocazione della ragazza cresciuta nello Sci club Domegge e ora portacolori del Centro sportivo Esercito. La ragazza di Pelos di Vigo di Cadore, classe 1997, \u00e8 stata selezionata per l&#8217;appuntamento che si svolger\u00e0 nei prossimi giorni in una delle localit\u00e0 di riferimento&hellip;<\/p>\n","protected":false},"author":4,"featured_media":2220,"comment_status":"closed","ping_status":"open","sticky":false,"template":"","format":"standard","meta":{"_acf_changed":false,"footnotes":""},"categories":[9,10],"tags":[259,696,697],"acf":[],"_links":{"self":[{"href":"https:\/\/comitati.fisi.org\/veneto\/wp-json\/wp\/v2\/posts\/3113"}],"collection":[{"href":"https:\/\/comitati.fisi.org\/veneto\/wp-json\/wp\/v2\/posts"}],"about":[{"href":"https:\/\/comitati.fisi.org\/veneto\/wp-json\/wp\/v2\/types\/post"}],"author":[{"embeddable":true,"href":"https:\/\/comitati.fisi.org\/veneto\/wp-json\/wp\/v2\/users\/4"}],"replies":[{"embeddable":true,"href":"https:\/\/comitati.fisi.org\/veneto\/wp-json\/wp\/v2\/comments?post=3113"}],"version-history":[{"count":0,"href":"https:\/\/comitati.fisi.org\/veneto\/wp-json\/wp\/v2\/posts\/3113\/revisions"}],"wp:featuredmedia":[{"embeddable":true,"href":"https:\/\/comitati.fisi.org\/veneto\/wp-json\/wp\/v2\/media\/2220"}],"wp:attachment":[{"href":"https:\/\/comitati.fisi.org\/veneto\/wp-json\/wp\/v2\/media?parent=3113"}],"wp:term":[{"taxonomy":"category","embeddable":true,"href":"https:\/\/comitati.fisi.org\/veneto\/wp-json\/wp\/v2\/categories?post=3113"},{"taxonomy":"post_tag","embeddable":true,"href":"https:\/\/comitati.fisi.org\/veneto\/wp-json\/wp\/v2\/tags?post=3113"}],"curies":[{"name":"wp","href":"https:\/\/api.w.org\/{rel}","templated":true}]}}