{"id":31100,"date":"2026-01-18T20:59:47","date_gmt":"2026-01-18T20:59:47","guid":{"rendered":"https:\/\/comitati.fisi.org\/veneto\/?p=31100"},"modified":"2026-01-18T21:14:50","modified_gmt":"2026-01-18T21:14:50","slug":"biathlon-giacomo-cautiero-vince-in-coppa-italia","status":"publish","type":"post","link":"https:\/\/comitati.fisi.org\/veneto\/blog\/2026\/01\/18\/biathlon-giacomo-cautiero-vince-in-coppa-italia\/","title":{"rendered":"Biathlon, Giacomo Cautiero vince in Coppa Italia"},"content":{"rendered":"\n<p>Gran bella giornata per il biathlon regionale, quella di oggi in Val Martello. Nella localit\u00e0 altoatesina \u00e8 andata in scena la seconda e conclusiva giornata della Coppa Italia Fiocchi e per il nostro comitato si \u00e8 registrata la vittoria di Giacomo Cautiero. Il portacolori dello Sci club Cortina, classe 2009, \u00e8 arrivato davanti a tutti nella Sprint della categoria Aspiranti (under 17), non commettendo errore alcuno al poligono. Ieri si era svolta una Short Individual che aveva visto ancora Cautiero in bella evidenza, con un settimo posto.<\/p>\n\n\n\n<div data-wp-interactive=\"core\/file\" class=\"wp-block-file\"><object data-wp-bind--hidden=\"!state.hasPdfPreview\"  class=\"wp-block-file__embed\" data=\"https:\/\/comitati.fisi.org\/veneto\/wp-content\/uploads\/sites\/39\/2026\/01\/CLASSIFICA-SPRINT-MASCHILE.pdf\" type=\"application\/pdf\" style=\"width:100%;height:600px\" aria-label=\"Incorporamento di CLASSIFICA-SPRINT-MASCHILE.\"><\/object><a id=\"wp-block-file--media-60dc2099-54c9-4f55-9502-e80466e605b9\" href=\"https:\/\/comitati.fisi.org\/veneto\/wp-content\/uploads\/sites\/39\/2026\/01\/CLASSIFICA-SPRINT-MASCHILE.pdf\">CLASSIFICA-SPRINT-MASCHILE<\/a><a href=\"https:\/\/comitati.fisi.org\/veneto\/wp-content\/uploads\/sites\/39\/2026\/01\/CLASSIFICA-SPRINT-MASCHILE.pdf\" class=\"wp-block-file__button wp-element-button\" download aria-describedby=\"wp-block-file--media-60dc2099-54c9-4f55-9502-e80466e605b9\">Download<\/a><\/div>\n\n\n\n<div data-wp-interactive=\"core\/file\" class=\"wp-block-file\"><object data-wp-bind--hidden=\"!state.hasPdfPreview\"  class=\"wp-block-file__embed\" data=\"https:\/\/comitati.fisi.org\/veneto\/wp-content\/uploads\/sites\/39\/2026\/01\/CLASSIFICA-SPRINT-FEMMINILE.pdf\" type=\"application\/pdf\" style=\"width:100%;height:600px\" aria-label=\"Incorporamento di CLASSIFICA-SPRINT-FEMMINILE.\"><\/object><a id=\"wp-block-file--media-9fd8f879-4179-4cc6-a7ae-c9e71b39ba6c\" href=\"https:\/\/comitati.fisi.org\/veneto\/wp-content\/uploads\/sites\/39\/2026\/01\/CLASSIFICA-SPRINT-FEMMINILE.pdf\">CLASSIFICA-SPRINT-FEMMINILE<\/a><a href=\"https:\/\/comitati.fisi.org\/veneto\/wp-content\/uploads\/sites\/39\/2026\/01\/CLASSIFICA-SPRINT-FEMMINILE.pdf\" class=\"wp-block-file__button wp-element-button\" download aria-describedby=\"wp-block-file--media-9fd8f879-4179-4cc6-a7ae-c9e71b39ba6c\">Download<\/a><\/div>\n\n\n\n<div data-wp-interactive=\"core\/file\" class=\"wp-block-file\"><object data-wp-bind--hidden=\"!state.hasPdfPreview\"  class=\"wp-block-file__embed\" data=\"https:\/\/comitati.fisi.org\/veneto\/wp-content\/uploads\/sites\/39\/2026\/01\/CLASSIFICA-SHORT-INDIVIDUAL-FEMMINILE.pdf\" type=\"application\/pdf\" style=\"width:100%;height:600px\" aria-label=\"Incorporamento di CLASSIFICA-SHORT-INDIVIDUAL-FEMMINILE.\"><\/object><a id=\"wp-block-file--media-92abf9c1-4ca3-4855-859e-dfcf9b057fa4\" href=\"https:\/\/comitati.fisi.org\/veneto\/wp-content\/uploads\/sites\/39\/2026\/01\/CLASSIFICA-SHORT-INDIVIDUAL-FEMMINILE.pdf\">CLASSIFICA-SHORT-INDIVIDUAL-FEMMINILE<\/a><a href=\"https:\/\/comitati.fisi.org\/veneto\/wp-content\/uploads\/sites\/39\/2026\/01\/CLASSIFICA-SHORT-INDIVIDUAL-FEMMINILE.pdf\" class=\"wp-block-file__button wp-element-button\" download aria-describedby=\"wp-block-file--media-92abf9c1-4ca3-4855-859e-dfcf9b057fa4\">Download<\/a><\/div>\n\n\n\n<div data-wp-interactive=\"core\/file\" class=\"wp-block-file\"><object data-wp-bind--hidden=\"!state.hasPdfPreview\"  class=\"wp-block-file__embed\" data=\"https:\/\/comitati.fisi.org\/veneto\/wp-content\/uploads\/sites\/39\/2026\/01\/CLASSIFICA-SHORT-INDIVIDUAL-MASCHILE.pdf\" type=\"application\/pdf\" style=\"width:100%;height:600px\" aria-label=\"Incorporamento di CLASSIFICA-SHORT-INDIVIDUAL-MASCHILE.\"><\/object><a id=\"wp-block-file--media-a564c104-ec1a-47f1-ab27-20fd556c3b1a\" href=\"https:\/\/comitati.fisi.org\/veneto\/wp-content\/uploads\/sites\/39\/2026\/01\/CLASSIFICA-SHORT-INDIVIDUAL-MASCHILE.pdf\">CLASSIFICA-SHORT-INDIVIDUAL-MASCHILE<\/a><a href=\"https:\/\/comitati.fisi.org\/veneto\/wp-content\/uploads\/sites\/39\/2026\/01\/CLASSIFICA-SHORT-INDIVIDUAL-MASCHILE.pdf\" class=\"wp-block-file__button wp-element-button\" download aria-describedby=\"wp-block-file--media-a564c104-ec1a-47f1-ab27-20fd556c3b1a\">Download<\/a><\/div>\n","protected":false},"excerpt":{"rendered":"<p>Il portacolori dello Sci club Cortina si impone nella Sprint Aspiranti<\/p>\n","protected":false},"author":33,"featured_media":31103,"comment_status":"open","ping_status":"open","sticky":false,"template":"","format":"standard","meta":{"_acf_changed":false,"footnotes":""},"categories":[9,24,3,5,6],"tags":[205],"acf":[],"_links":{"self":[{"href":"https:\/\/comitati.fisi.org\/veneto\/wp-json\/wp\/v2\/posts\/31100"}],"collection":[{"href":"https:\/\/comitati.fisi.org\/veneto\/wp-json\/wp\/v2\/posts"}],"about":[{"href":"https:\/\/comitati.fisi.org\/veneto\/wp-json\/wp\/v2\/types\/post"}],"author":[{"embeddable":true,"href":"https:\/\/comitati.fisi.org\/veneto\/wp-json\/wp\/v2\/users\/33"}],"replies":[{"embeddable":true,"href":"https:\/\/comitati.fisi.org\/veneto\/wp-json\/wp\/v2\/comments?post=31100"}],"version-history":[{"count":3,"href":"https:\/\/comitati.fisi.org\/veneto\/wp-json\/wp\/v2\/posts\/31100\/revisions"}],"predecessor-version":[{"id":31109,"href":"https:\/\/comitati.fisi.org\/veneto\/wp-json\/wp\/v2\/posts\/31100\/revisions\/31109"}],"wp:featuredmedia":[{"embeddable":true,"href":"https:\/\/comitati.fisi.org\/veneto\/wp-json\/wp\/v2\/media\/31103"}],"wp:attachment":[{"href":"https:\/\/comitati.fisi.org\/veneto\/wp-json\/wp\/v2\/media?parent=31100"}],"wp:term":[{"taxonomy":"category","embeddable":true,"href":"https:\/\/comitati.fisi.org\/veneto\/wp-json\/wp\/v2\/categories?post=31100"},{"taxonomy":"post_tag","embeddable":true,"href":"https:\/\/comitati.fisi.org\/veneto\/wp-json\/wp\/v2\/tags?post=31100"}],"curies":[{"name":"wp","href":"https:\/\/api.w.org\/{rel}","templated":true}]}}