{"id":31093,"date":"2026-01-18T20:27:30","date_gmt":"2026-01-18T20:27:30","guid":{"rendered":"https:\/\/comitati.fisi.org\/veneto\/?p=31093"},"modified":"2026-01-18T20:27:30","modified_gmt":"2026-01-18T20:27:30","slug":"fondo-elia-barp-sfiora-il-podio-nella-10-km-in-classico-di-oberhof","status":"publish","type":"post","link":"https:\/\/comitati.fisi.org\/veneto\/blog\/2026\/01\/18\/fondo-elia-barp-sfiora-il-podio-nella-10-km-in-classico-di-oberhof\/","title":{"rendered":"Fondo, Elia Barp sfiora il podio nella 10 km in classico di Oberhof!"},"content":{"rendered":"\n<p>Piacciono sempre di pi\u00f9 Elia Barp (nell&#8217;immagine Newspower) ed Iris De Martin Pinter. I due ragazzi bellunesi, rispettivamente classe 2002 e classe 2004, sono stati grandissimi protagonisti a Oberhof (Germania) in Coppa del Mondo questo fine settimana. Ieri Iris ha colto il sesto posto nella sprint, suo miglior piazzamento in carriera, oggi il trichianese ha riposto conquistando il quarto posto nella 10 chilometri, a sua volta miglior piazzamento in Coppa.<\/p>\n\n\n\n<p>BARP MANCA IL PODIO PER 3 SECONDI &#8211; Un grande Elia Barp ha mancato per appena 3\u201d il primo podio individuale in carriera nella 10 chilometri in tecnica classica con partenza a cronometro a Oberhof. Il ragazzo di Trichiana, cresciuto prima al Gs Castionese e poi allo Ski College Veneto di Falcade, \u00e8 stato autore di una gara in crescendo, chiudendo alla fine con un ritardo di soli 17\u20335 nei confronti del norvegese Martin Nyenget e di 3\u201d precisi nei confronti del terzo, un altro norvegese, Erik Valnes. Un po\u2019 di rammarico c\u2019\u00e8, per forza, ma c\u2019\u00e8 anche la consapevolezza di una costanza di rendimento importante: Elia \u00e8 quasi sempre o il primo (come nel caso di ieri) o il secondo degli azzurri.<\/p>\n\n\n\n<p>IRIS DA APPLAUSI \u2013 Nella gara donne, la svedese Moa Ilar ha vinto il testa a testa con l\u2019austriaca Teresa Stadlober e ha fatto sua la 10 chilometri per appena 7 decimi di secondi. Sul terzo gradino del podio \u00e8 salita la connazionale Jonna Sundling, staccata di 20\u20338 e seguita a propria volta dalla statunitense Jessie Diggins, quarta a 30\u20331.<\/p>\n\n\n\n<p>La trentina Caterina Ganz \u00e8 stata autrice di una positiva prova che l\u2019ha portata a raccogliere una buona quindicesima piazza con un ritardo di 55\u2033. Poco alle sue spalle Iris De Martin Pinter: 19.ma piazza per la ragazza di Padola che \u00e8 stata autrice di un fine settimana davvero di altissimo profilo: il sesto posto nella sprint e il 19.mo di ieri dicono di una ragazza che fin dalle categorie giovanili ha fatto sfoggio di una classe cristallina e che ora pi\u00f9 che una promessa pare gi\u00e0 una realt\u00e0 sulla quale contare da parte del movimento assoluto azzurro.<\/p>\n\n\n\n<p><\/p>\n","protected":false},"excerpt":{"rendered":"<p>19. Iris De Martin<\/p>\n","protected":false},"author":33,"featured_media":30636,"comment_status":"open","ping_status":"open","sticky":false,"template":"","format":"standard","meta":{"_acf_changed":false,"footnotes":""},"categories":[9,10,3,5,6],"tags":[12,170],"acf":[],"_links":{"self":[{"href":"https:\/\/comitati.fisi.org\/veneto\/wp-json\/wp\/v2\/posts\/31093"}],"collection":[{"href":"https:\/\/comitati.fisi.org\/veneto\/wp-json\/wp\/v2\/posts"}],"about":[{"href":"https:\/\/comitati.fisi.org\/veneto\/wp-json\/wp\/v2\/types\/post"}],"author":[{"embeddable":true,"href":"https:\/\/comitati.fisi.org\/veneto\/wp-json\/wp\/v2\/users\/33"}],"replies":[{"embeddable":true,"href":"https:\/\/comitati.fisi.org\/veneto\/wp-json\/wp\/v2\/comments?post=31093"}],"version-history":[{"count":1,"href":"https:\/\/comitati.fisi.org\/veneto\/wp-json\/wp\/v2\/posts\/31093\/revisions"}],"predecessor-version":[{"id":31094,"href":"https:\/\/comitati.fisi.org\/veneto\/wp-json\/wp\/v2\/posts\/31093\/revisions\/31094"}],"wp:featuredmedia":[{"embeddable":true,"href":"https:\/\/comitati.fisi.org\/veneto\/wp-json\/wp\/v2\/media\/30636"}],"wp:attachment":[{"href":"https:\/\/comitati.fisi.org\/veneto\/wp-json\/wp\/v2\/media?parent=31093"}],"wp:term":[{"taxonomy":"category","embeddable":true,"href":"https:\/\/comitati.fisi.org\/veneto\/wp-json\/wp\/v2\/categories?post=31093"},{"taxonomy":"post_tag","embeddable":true,"href":"https:\/\/comitati.fisi.org\/veneto\/wp-json\/wp\/v2\/tags?post=31093"}],"curies":[{"name":"wp","href":"https:\/\/api.w.org\/{rel}","templated":true}]}}