{"id":31072,"date":"2026-01-18T14:41:56","date_gmt":"2026-01-18T14:41:56","guid":{"rendered":"https:\/\/comitati.fisi.org\/veneto\/?p=31072"},"modified":"2026-01-18T14:47:46","modified_gmt":"2026-01-18T14:47:46","slug":"meravigliosa-elisa-caffont-vittoria-nel-pgs-di-bansko","status":"publish","type":"post","link":"https:\/\/comitati.fisi.org\/veneto\/blog\/2026\/01\/18\/meravigliosa-elisa-caffont-vittoria-nel-pgs-di-bansko\/","title":{"rendered":"Meravigliosa Elisa Caffont: vittoria nel PGS di Bansko!"},"content":{"rendered":"\n<p>Elisa Caffont (nell&#8217;immagine Pentaphoto) sbanca il gigante parallelo di Bansko e centra il secondo successo della stagione e della carriera: la bellunese trionfa nella finale contro la nipponica Tsubaki Miki per salire nuovamente sul gradino pi\u00f9 alto del podio dopo aver conquistato a dicembre lo slalom di Davos. Sale invece a quota 7 il bottino dei podi individuali nel massimo circuito per la veneta mentre i successi per il team azzurro sono gi\u00e0 11 in questa prima parte di stagione.<br>Nella seconda sfida sulla pista intitolata ad Alberto Tomba, Caffont ha meritato la finale nel duello tutto azzurro con Lucia Dalmasso in semifinale: la sfida tra bellunesi premia Caffont, con Dalmasso costretta ad affrontare la small final con la tedesca Ramona Hofmeister che fa suo il terzo posto, lasciando la quarta moneta a Lucia. Era invece uscita negli ottavi Jasmin Coratti.<\/p>\n\n\n\n<p>\u201cLe condizioni erano difficili e Miki molto forte \u2013 ha confessato al traguardo Caffont \u2013 non ho potuto scegliere il tracciato in finale ed \u00e8 stata dura. Ho maturato la consapevolezza delle mie possibilit\u00e0 e credo sempre pi\u00f9 in me stessa. A breve arrivano le Olimpiadi, sono una storia davvero a parte e vedremo a febbraio. Intanto testa a Simonhohe per un altro gigante\u201d.<\/p>\n\n\n\n<p>Caffont \u00e8 sempre leader della classifica generale ed allunga ulteriormente su Miki: 558 per l\u2019azzurra, 530 per la nipponica con Dalmasso terza con 451.<\/p>\n\n\n\n<p>Ad imporsi nella prova maschile \u00e8 invece il padrone di casa Tervel Zamfirov che supera in finale l\u2019austriaco Fabian Ormann, con l\u2019altro bulgaro Yankov terzo sul tedesco Angenend. Si ferma nei quarti purtroppo Maurizio Bormolini che scivola nel confronto con Zamfirov per la quinta piazza finale, ottavi fatali invece per Tommy Rabanser, Edwin Coratti ed Aaron March.<\/p>\n\n\n\n<p>March mantiene il comando della classifica generale con 455 punti davanti a Bormolini (446) con Karl terzo a quota 425.<\/p>\n\n\n\n<p><a href=\"https:\/\/www.fis-ski.com\/DB\/general\/event-details.html?sectorcode=SB&amp;eventid=58183&amp;seasoncode=2026\">CLASSIFICHE<\/a><\/p>\n","protected":false},"excerpt":{"rendered":"<p>Seconda vittoria in carriera per la bellunese dell&#8217;Esercito<\/p>\n","protected":false},"author":33,"featured_media":18582,"comment_status":"open","ping_status":"open","sticky":false,"template":"","format":"standard","meta":{"_acf_changed":false,"footnotes":""},"categories":[9,10,13,14,15,3,5,6],"tags":[94],"acf":[],"_links":{"self":[{"href":"https:\/\/comitati.fisi.org\/veneto\/wp-json\/wp\/v2\/posts\/31072"}],"collection":[{"href":"https:\/\/comitati.fisi.org\/veneto\/wp-json\/wp\/v2\/posts"}],"about":[{"href":"https:\/\/comitati.fisi.org\/veneto\/wp-json\/wp\/v2\/types\/post"}],"author":[{"embeddable":true,"href":"https:\/\/comitati.fisi.org\/veneto\/wp-json\/wp\/v2\/users\/33"}],"replies":[{"embeddable":true,"href":"https:\/\/comitati.fisi.org\/veneto\/wp-json\/wp\/v2\/comments?post=31072"}],"version-history":[{"count":2,"href":"https:\/\/comitati.fisi.org\/veneto\/wp-json\/wp\/v2\/posts\/31072\/revisions"}],"predecessor-version":[{"id":31075,"href":"https:\/\/comitati.fisi.org\/veneto\/wp-json\/wp\/v2\/posts\/31072\/revisions\/31075"}],"wp:featuredmedia":[{"embeddable":true,"href":"https:\/\/comitati.fisi.org\/veneto\/wp-json\/wp\/v2\/media\/18582"}],"wp:attachment":[{"href":"https:\/\/comitati.fisi.org\/veneto\/wp-json\/wp\/v2\/media?parent=31072"}],"wp:term":[{"taxonomy":"category","embeddable":true,"href":"https:\/\/comitati.fisi.org\/veneto\/wp-json\/wp\/v2\/categories?post=31072"},{"taxonomy":"post_tag","embeddable":true,"href":"https:\/\/comitati.fisi.org\/veneto\/wp-json\/wp\/v2\/tags?post=31072"}],"curies":[{"name":"wp","href":"https:\/\/api.w.org\/{rel}","templated":true}]}}