{"id":31027,"date":"2026-01-16T20:39:32","date_gmt":"2026-01-16T20:39:32","guid":{"rendered":"https:\/\/comitati.fisi.org\/veneto\/?p=31027"},"modified":"2026-01-16T20:41:31","modified_gmt":"2026-01-16T20:41:31","slug":"fantastico-giovanni-franzoni-vittoria-nel-sg-di-wengen","status":"publish","type":"post","link":"https:\/\/comitati.fisi.org\/veneto\/blog\/2026\/01\/16\/fantastico-giovanni-franzoni-vittoria-nel-sg-di-wengen\/","title":{"rendered":"Fantastico Giovanni Franzoni: vittoria nel SG di Wengen"},"content":{"rendered":"\n<p>Un fantastico Giovanni Franzoni trionfa nel superG di Wengen, sulla pista che tre anni fa l\u2019aveva visto infortunarsi. Una auntetica magia per il ventiquattrenne bresciano di Manerba sul Garda che centra la prima vittoria della carriera in Coppa del Mondo.<br>Quattro settimane dopo aver debuttato sul podio in Val Gardena, il ragazzo che per anni ha fatto parte dello Ski College Veneto Falcade e del nostro comitato, si prende cos\u00ec la posta piena, regalando all\u2019Italia il primo sorriso nel SuperG di Wengen. L\u2019acuto di Giovanni rappresenta la prima vittoria stagionale per l\u2019Italia dello sci alpino maschile.<\/p>\n\n\n\n<p>Franzoni affronta per primo il superG di Wengen e non lo avvicina pi\u00f9 nessuno. L\u2019azzurro impressiona per fluidit\u00e0 e per l\u2019apparente semplicit\u00e0 con cui affronta il filante tracciato disegnato sul Lauberhorn. Elementi che nessun altro riuscir\u00e0 poi a pareggiare, soprattutto nella sempre tosta \u201cEsse\u201d del traguardo, il doppio cambio di direzione che si presenta in vista dell\u2019arrivo sulle gambe gi\u00e0 affaticate degli atleti.<br>In quel punto, Franzoni ha saputo concretizzare e cementificare il suo successo, con il solo Marco Odermatt in grado di avvicinarlo nel settore. Il miglior tempo nelle due prove disputate in vista della discesa di domani sono state dunque un segnale da non sottovalutare: cos\u00ec l\u20191\u201945\u203319 di Franzoni resta dall\u2019inizio alla fine il tempo di riferimento, un riscontro mancato di 35 centesimi dall\u2019austriaco Stefan babinsky e da 0\u203337 dallo svizzero Franjo Von Allmen che completano cos\u00ec un podio sfuggito allo stesso Odermatt, quarto a 0\u203353 davanti all\u2019altro austriaco Raphael Haaser (+0\u203368), quinto.<\/p>\n\n\n\n<p>Positiva anche la prova di Mattia Casse che con il pettorale numero 2 trova un tempo superiore di 1\u203301 rispetto a Franzoni per l\u2019ottava piazza finale, preceduto anche dallo statunitense Ryan Cochran Siegle (+0\u203383) e dall\u2019altro elvetico Stefan Rogentin (+0\u203391). Bene anche Benjamin Alliod che trova il 18esimo posto a 2\u203327 seguito a breve distanza da Christof Innerhofer, 21esimo a 2\u203347 nei confronti di Franzoni con Florian Schieder 24esimo a 2\u203369. Si chiude invece prematuramente la gara di Dominik Paris, Guglielmo Bosca e Marco Abbruzzese.<\/p>\n\n\n\n<p>Il successo di Wengen porta Franzoni al terzo posto della classifica di specialit\u00e0 con 218 punti alle spalle di Odermatt (325) e di Kriechmayr (231); Odermatt che resta naturalmente al comando della generale sfondando quota 1000 (1005); alle sue spalle a debita distanza Br\u00e5then (538) e McGrath (478), Vinatzer \u00e8 decimo a quota 314 mentre Franzoni sorpassa Paris al quindicesimo posto con 274.<\/p>\n\n\n\n<p>Giovanni Franzoni non sta nella pelle. Il ventiquattrenne bresciano a Wengen ha centrato il primo successo della carriera, in un superG che l\u2019ha visto al comando dal primo all\u2019ultimo secondo.<\/p>\n\n\n\n<p>\u201cE\u2019 assolutamente incredibile, se a inizio anno mi avessero detto che sarei stato terzo in Val Gardena e primo qui, su due piste in cui faticavo maggiormente, non ci avrei mai creduto. Una cosa \u00e8 per\u00f2 cambiata negli anni, dopo il mio grave infortunio di Wengen: ultimamente sto cercando di godermi la gara. Sono assolutamente grato e orgoglioso di poter essere uno sciatore di Coppa del Mondo e di poter partecipare a queste gare. Un\u2019adrenalina e un\u2019emozione unica che non riesco a vivere da altre parti: proprio per questo cerco di divertirmi e di sciare sciolto sin dalle prime prove. Oggi il pettorale numero uno mi ha messo un po\u2019 di ansia ma mi sono detto \u201cgoditela e pensa a sciare\u201d ad alla fine \u00e8 uscito qualcosa di grande.<br>E\u2019 stata una settimana strana, prima di arrivare a Wengen mi sentivo carico, poi le due prove sono andate bene: in partenza avevo addosso una grande ansia. Oggi ho fatto la differenza nella curva dove tre anni fa mi sono infortunato, \u00e8 un po\u2019 il fato che ritorna: ho fatto bene il Canadian Corner e l\u2019uscita dalla stradina, forse potevo fare meglio il tratto centrale\u201d.<\/p>\n\n\n\n<p>Proprio l\u2019infortunio di tre anni fa ha segnato parte della carriera di Franzoni.<br>\u201cQuando ho visto Odermatt alle spalle ho iniziato a crederci. Qui mi sono infortunato nel 2023 ma \u00e8 anche la pista dove ho raccolto i miei primi punti in superG: \u00e8 un posto speciale e vincere qui \u00e8 incredibile. Ieri in partenza leggevo \u201cHome of Legends: non penso di essere nulla di tutto ci\u00f2 ma solo un ragazzo normale e questo \u00e8 davvero un sogno. Io mi sorprendo sempre di queste cose, non mi reputo uno dei migliori ma la mia volont\u00e0 di voler godermi le cose ha dato i suoi frutti. Come gi\u00e0 detto in Val Gardena, Matteo Franzoso e il suo ricordo saranno con me in ogni gara.<br>Tornando alla gara, credo stia uscendo il lavoro di anni, perch\u00e8 non \u00e8 che le cose vengano a caso. Non so dire cosa porter\u00e0 il futuro, ma di certo il presente \u00e8 cambiato e dobbiamo vivere giorno per giorno. E\u2019 davvero fantastico anche condividere il podio con Von Allmen, abbiamo la stessa et\u00e0 e l\u2019ho sempre guardato dal basso verso l\u2019alto come tanti altri 2001. Ho sempre cercato di raggiungerli, faticando, ed oggi li ho infine superati. Ma la testa fa tantissimo: quando inizi a crederci nelle cose, vengono quasi automatiche. Domani c\u2019\u00e8 la discesa e anche se sono stanco si pu\u00f2 puntare a qualcosa di grosso. La discesa \u00e8 una gara diversa, in tanti si sono nascosti nelle prove ma l\u2019atteggiamento gi\u00e0 e scier\u00f2 per andare veloce e godermi al massimo questa gara leggendaria.\u201d<\/p>\n\n\n\n<p><em>\u201cGiovanni Franzoni \u00e9 l\u2019esempio dello studente atleta e l\u2019orgoglio di tutti noi\u201d queste le dichiarazioni di Luca Marchetto presidente uscente dello Ski College Veneto e di Michele Costa nuovo presidente nonch\u00e9 vice preside del Follador de Rossi entusiasti per il successo del loro ex atleta e studente, un risultato improvviso ma non inatteso vista la progressione che ha dimostrato in questa stagione!<\/em><\/p>\n\n\n\n<p><a href=\"https:\/\/www.fis-ski.com\/DB\/general\/event-details.html?sectorcode=AL&amp;eventid=58017&amp;seasoncode=2026\">CLASSIFICA<\/a><\/p>\n\n\n\n<p><em>credito Pentaphoto<\/em><\/p>\n","protected":false},"excerpt":{"rendered":"<p>Superlativo il bresciano cresciuto allo Ski College Veneto Falcade e nel nostro comitato<\/p>\n","protected":false},"author":33,"featured_media":31028,"comment_status":"open","ping_status":"open","sticky":false,"template":"","format":"standard","meta":{"_acf_changed":false,"footnotes":""},"categories":[9,10,13,14,15,3,5,19,6],"tags":[193,25],"acf":[],"_links":{"self":[{"href":"https:\/\/comitati.fisi.org\/veneto\/wp-json\/wp\/v2\/posts\/31027"}],"collection":[{"href":"https:\/\/comitati.fisi.org\/veneto\/wp-json\/wp\/v2\/posts"}],"about":[{"href":"https:\/\/comitati.fisi.org\/veneto\/wp-json\/wp\/v2\/types\/post"}],"author":[{"embeddable":true,"href":"https:\/\/comitati.fisi.org\/veneto\/wp-json\/wp\/v2\/users\/33"}],"replies":[{"embeddable":true,"href":"https:\/\/comitati.fisi.org\/veneto\/wp-json\/wp\/v2\/comments?post=31027"}],"version-history":[{"count":2,"href":"https:\/\/comitati.fisi.org\/veneto\/wp-json\/wp\/v2\/posts\/31027\/revisions"}],"predecessor-version":[{"id":31030,"href":"https:\/\/comitati.fisi.org\/veneto\/wp-json\/wp\/v2\/posts\/31027\/revisions\/31030"}],"wp:featuredmedia":[{"embeddable":true,"href":"https:\/\/comitati.fisi.org\/veneto\/wp-json\/wp\/v2\/media\/31028"}],"wp:attachment":[{"href":"https:\/\/comitati.fisi.org\/veneto\/wp-json\/wp\/v2\/media?parent=31027"}],"wp:term":[{"taxonomy":"category","embeddable":true,"href":"https:\/\/comitati.fisi.org\/veneto\/wp-json\/wp\/v2\/categories?post=31027"},{"taxonomy":"post_tag","embeddable":true,"href":"https:\/\/comitati.fisi.org\/veneto\/wp-json\/wp\/v2\/tags?post=31027"}],"curies":[{"name":"wp","href":"https:\/\/api.w.org\/{rel}","templated":true}]}}