{"id":30920,"date":"2026-01-11T14:20:39","date_gmt":"2026-01-11T14:20:39","guid":{"rendered":"https:\/\/comitati.fisi.org\/veneto\/?p=30920"},"modified":"2026-01-11T14:34:23","modified_gmt":"2026-01-11T14:34:23","slug":"alpino-i-risultati-del-grand-prix-lattebusche-di-san-vito-di-cadore","status":"publish","type":"post","link":"https:\/\/comitati.fisi.org\/veneto\/blog\/2026\/01\/11\/alpino-i-risultati-del-grand-prix-lattebusche-di-san-vito-di-cadore\/","title":{"rendered":"Alpino, i risultati del Grand Prix Lattebusche di San Vito di Cadore"},"content":{"rendered":"\n<p>Oggi a San Vito di Cadore, per l&#8217;organizzazione dello Sci club Dolomiti Cadore), la circoscrizione Belluno Alta ha vissuto la seconda giornata del Grand Prix Lattebusche 2025-2026. Sulla pista Serpentina si \u00e8 disputato uno slalom che ha visto il successo a squadre dello Sci club Drusci\u00e9 davanti a Dolomiti Cadore e Sci club Cortina.<\/p>\n\n\n\n<p>A livello individuale, Giada Da Corte Zandatina (Sci club Auronzo) e Filippo Minarelli (Drusci\u00e9) hanno vinto nelle categorie Cuccioli, Giorgia Resente (Drusci\u00e9) e Nicol\u00f2 Corazza (Sci club 18) nella categoria Cuccioli.<\/p>\n\n\n\n<figure class=\"wp-block-image size-large\"><img loading=\"lazy\" decoding=\"async\" width=\"1024\" height=\"683\" src=\"https:\/\/comitati.fisi.org\/veneto\/wp-content\/uploads\/sites\/39\/2026\/01\/podio-societa-san-vito-lattebusche-11-gen-2026-1-1024x683.jpeg\" alt=\"\" class=\"wp-image-30922\" srcset=\"https:\/\/comitati.fisi.org\/veneto\/wp-content\/uploads\/sites\/39\/2026\/01\/podio-societa-san-vito-lattebusche-11-gen-2026-1-1024x683.jpeg 1024w, https:\/\/comitati.fisi.org\/veneto\/wp-content\/uploads\/sites\/39\/2026\/01\/podio-societa-san-vito-lattebusche-11-gen-2026-1-300x200.jpeg 300w, https:\/\/comitati.fisi.org\/veneto\/wp-content\/uploads\/sites\/39\/2026\/01\/podio-societa-san-vito-lattebusche-11-gen-2026-1-768x512.jpeg 768w, https:\/\/comitati.fisi.org\/veneto\/wp-content\/uploads\/sites\/39\/2026\/01\/podio-societa-san-vito-lattebusche-11-gen-2026-1-1536x1024.jpeg 1536w, https:\/\/comitati.fisi.org\/veneto\/wp-content\/uploads\/sites\/39\/2026\/01\/podio-societa-san-vito-lattebusche-11-gen-2026-1.jpeg 2048w\" sizes=\"(max-width: 1024px) 100vw, 1024px\" \/><\/figure>\n\n\n\n<figure class=\"wp-block-image size-large\"><img loading=\"lazy\" decoding=\"async\" width=\"1024\" height=\"768\" src=\"https:\/\/comitati.fisi.org\/veneto\/wp-content\/uploads\/sites\/39\/2026\/01\/podio-cucciole-san-vito-lattebusche-11-gen-2026-1024x768.jpeg\" alt=\"\" class=\"wp-image-30923\" srcset=\"https:\/\/comitati.fisi.org\/veneto\/wp-content\/uploads\/sites\/39\/2026\/01\/podio-cucciole-san-vito-lattebusche-11-gen-2026-1024x768.jpeg 1024w, https:\/\/comitati.fisi.org\/veneto\/wp-content\/uploads\/sites\/39\/2026\/01\/podio-cucciole-san-vito-lattebusche-11-gen-2026-300x225.jpeg 300w, https:\/\/comitati.fisi.org\/veneto\/wp-content\/uploads\/sites\/39\/2026\/01\/podio-cucciole-san-vito-lattebusche-11-gen-2026-768x576.jpeg 768w, https:\/\/comitati.fisi.org\/veneto\/wp-content\/uploads\/sites\/39\/2026\/01\/podio-cucciole-san-vito-lattebusche-11-gen-2026-1536x1152.jpeg 1536w, https:\/\/comitati.fisi.org\/veneto\/wp-content\/uploads\/sites\/39\/2026\/01\/podio-cucciole-san-vito-lattebusche-11-gen-2026.jpeg 2048w\" sizes=\"(max-width: 1024px) 100vw, 1024px\" \/><\/figure>\n\n\n\n<figure class=\"wp-block-image size-large\"><img loading=\"lazy\" decoding=\"async\" width=\"1024\" height=\"768\" src=\"https:\/\/comitati.fisi.org\/veneto\/wp-content\/uploads\/sites\/39\/2026\/01\/podio-cuccioli-san-vito-lattebusche-11-gen-2026-1024x768.jpeg\" alt=\"\" class=\"wp-image-30924\" srcset=\"https:\/\/comitati.fisi.org\/veneto\/wp-content\/uploads\/sites\/39\/2026\/01\/podio-cuccioli-san-vito-lattebusche-11-gen-2026-1024x768.jpeg 1024w, https:\/\/comitati.fisi.org\/veneto\/wp-content\/uploads\/sites\/39\/2026\/01\/podio-cuccioli-san-vito-lattebusche-11-gen-2026-300x225.jpeg 300w, https:\/\/comitati.fisi.org\/veneto\/wp-content\/uploads\/sites\/39\/2026\/01\/podio-cuccioli-san-vito-lattebusche-11-gen-2026-768x576.jpeg 768w, https:\/\/comitati.fisi.org\/veneto\/wp-content\/uploads\/sites\/39\/2026\/01\/podio-cuccioli-san-vito-lattebusche-11-gen-2026-1536x1152.jpeg 1536w, https:\/\/comitati.fisi.org\/veneto\/wp-content\/uploads\/sites\/39\/2026\/01\/podio-cuccioli-san-vito-lattebusche-11-gen-2026.jpeg 2048w\" sizes=\"(max-width: 1024px) 100vw, 1024px\" \/><\/figure>\n\n\n\n<figure class=\"wp-block-image size-large\"><img loading=\"lazy\" decoding=\"async\" width=\"1024\" height=\"768\" src=\"https:\/\/comitati.fisi.org\/veneto\/wp-content\/uploads\/sites\/39\/2026\/01\/podio-baby-f-san-vito-lattebusche-11-gen-2026-1024x768.jpeg\" alt=\"\" class=\"wp-image-30925\" srcset=\"https:\/\/comitati.fisi.org\/veneto\/wp-content\/uploads\/sites\/39\/2026\/01\/podio-baby-f-san-vito-lattebusche-11-gen-2026-1024x768.jpeg 1024w, https:\/\/comitati.fisi.org\/veneto\/wp-content\/uploads\/sites\/39\/2026\/01\/podio-baby-f-san-vito-lattebusche-11-gen-2026-300x225.jpeg 300w, https:\/\/comitati.fisi.org\/veneto\/wp-content\/uploads\/sites\/39\/2026\/01\/podio-baby-f-san-vito-lattebusche-11-gen-2026-768x576.jpeg 768w, https:\/\/comitati.fisi.org\/veneto\/wp-content\/uploads\/sites\/39\/2026\/01\/podio-baby-f-san-vito-lattebusche-11-gen-2026-1536x1152.jpeg 1536w, https:\/\/comitati.fisi.org\/veneto\/wp-content\/uploads\/sites\/39\/2026\/01\/podio-baby-f-san-vito-lattebusche-11-gen-2026.jpeg 2048w\" sizes=\"(max-width: 1024px) 100vw, 1024px\" \/><\/figure>\n\n\n\n<figure class=\"wp-block-image size-large\"><img loading=\"lazy\" decoding=\"async\" width=\"1024\" height=\"768\" src=\"https:\/\/comitati.fisi.org\/veneto\/wp-content\/uploads\/sites\/39\/2026\/01\/podio-baby-M-san-vito-lattebusche-11-gen-2026-1024x768.jpeg\" alt=\"\" class=\"wp-image-30926\" srcset=\"https:\/\/comitati.fisi.org\/veneto\/wp-content\/uploads\/sites\/39\/2026\/01\/podio-baby-M-san-vito-lattebusche-11-gen-2026-1024x768.jpeg 1024w, https:\/\/comitati.fisi.org\/veneto\/wp-content\/uploads\/sites\/39\/2026\/01\/podio-baby-M-san-vito-lattebusche-11-gen-2026-300x225.jpeg 300w, https:\/\/comitati.fisi.org\/veneto\/wp-content\/uploads\/sites\/39\/2026\/01\/podio-baby-M-san-vito-lattebusche-11-gen-2026-768x576.jpeg 768w, https:\/\/comitati.fisi.org\/veneto\/wp-content\/uploads\/sites\/39\/2026\/01\/podio-baby-M-san-vito-lattebusche-11-gen-2026-1536x1152.jpeg 1536w, https:\/\/comitati.fisi.org\/veneto\/wp-content\/uploads\/sites\/39\/2026\/01\/podio-baby-M-san-vito-lattebusche-11-gen-2026.jpeg 2048w\" sizes=\"(max-width: 1024px) 100vw, 1024px\" \/><\/figure>\n\n\n\n<div data-wp-interactive=\"core\/file\" class=\"wp-block-file\"><object data-wp-bind--hidden=\"!state.hasPdfPreview\"  class=\"wp-block-file__embed\" data=\"https:\/\/comitati.fisi.org\/veneto\/wp-content\/uploads\/sites\/39\/2026\/01\/Classifica-ufficiale-PF-PM.pdf\" type=\"application\/pdf\" style=\"width:100%;height:600px\" aria-label=\"Incorporamento di Classifica-ufficiale-PF-PM.\"><\/object><a id=\"wp-block-file--media-51708f72-6b4d-44d3-b0ee-025eae6a4b6c\" href=\"https:\/\/comitati.fisi.org\/veneto\/wp-content\/uploads\/sites\/39\/2026\/01\/Classifica-ufficiale-PF-PM.pdf\">Classifica-ufficiale-PF-PM<\/a><a href=\"https:\/\/comitati.fisi.org\/veneto\/wp-content\/uploads\/sites\/39\/2026\/01\/Classifica-ufficiale-PF-PM.pdf\" class=\"wp-block-file__button wp-element-button\" download aria-describedby=\"wp-block-file--media-51708f72-6b4d-44d3-b0ee-025eae6a4b6c\">Download<\/a><\/div>\n\n\n\n<div data-wp-interactive=\"core\/file\" class=\"wp-block-file\"><object data-wp-bind--hidden=\"!state.hasPdfPreview\"  class=\"wp-block-file__embed\" data=\"https:\/\/comitati.fisi.org\/veneto\/wp-content\/uploads\/sites\/39\/2026\/01\/Classifica-ufficiale-UF-UM.pdf\" type=\"application\/pdf\" style=\"width:100%;height:600px\" aria-label=\"Incorporamento di Classifica-ufficiale-UF-UM.\"><\/object><a id=\"wp-block-file--media-ee4ad8c2-0fa7-4b81-9360-99003a313685\" href=\"https:\/\/comitati.fisi.org\/veneto\/wp-content\/uploads\/sites\/39\/2026\/01\/Classifica-ufficiale-UF-UM.pdf\">Classifica-ufficiale-UF-UM<\/a><a href=\"https:\/\/comitati.fisi.org\/veneto\/wp-content\/uploads\/sites\/39\/2026\/01\/Classifica-ufficiale-UF-UM.pdf\" class=\"wp-block-file__button wp-element-button\" download aria-describedby=\"wp-block-file--media-ee4ad8c2-0fa7-4b81-9360-99003a313685\">Download<\/a><\/div>\n\n\n\n<figure class=\"wp-block-image size-large\"><img loading=\"lazy\" decoding=\"async\" width=\"576\" height=\"1024\" src=\"https:\/\/comitati.fisi.org\/veneto\/wp-content\/uploads\/sites\/39\/2026\/01\/societa-san-vito-1-576x1024.jpeg\" alt=\"\" class=\"wp-image-30936\" srcset=\"https:\/\/comitati.fisi.org\/veneto\/wp-content\/uploads\/sites\/39\/2026\/01\/societa-san-vito-1-576x1024.jpeg 576w, https:\/\/comitati.fisi.org\/veneto\/wp-content\/uploads\/sites\/39\/2026\/01\/societa-san-vito-1-169x300.jpeg 169w, https:\/\/comitati.fisi.org\/veneto\/wp-content\/uploads\/sites\/39\/2026\/01\/societa-san-vito-1-768x1365.jpeg 768w, https:\/\/comitati.fisi.org\/veneto\/wp-content\/uploads\/sites\/39\/2026\/01\/societa-san-vito-1-864x1536.jpeg 864w, https:\/\/comitati.fisi.org\/veneto\/wp-content\/uploads\/sites\/39\/2026\/01\/societa-san-vito-1.jpeg 1152w\" sizes=\"(max-width: 576px) 100vw, 576px\" \/><\/figure>\n","protected":false},"excerpt":{"rendered":"<p>Vittoria dello Sci club Drusci\u00e9 davanti allo Sci club Dolomiti Cadore e allo Sci club Cortina<\/p>\n","protected":false},"author":33,"featured_media":30921,"comment_status":"open","ping_status":"open","sticky":false,"template":"","format":"standard","meta":{"_acf_changed":false,"footnotes":""},"categories":[9,14,15,3,27,5,19,124,6],"tags":[],"acf":[],"_links":{"self":[{"href":"https:\/\/comitati.fisi.org\/veneto\/wp-json\/wp\/v2\/posts\/30920"}],"collection":[{"href":"https:\/\/comitati.fisi.org\/veneto\/wp-json\/wp\/v2\/posts"}],"about":[{"href":"https:\/\/comitati.fisi.org\/veneto\/wp-json\/wp\/v2\/types\/post"}],"author":[{"embeddable":true,"href":"https:\/\/comitati.fisi.org\/veneto\/wp-json\/wp\/v2\/users\/33"}],"replies":[{"embeddable":true,"href":"https:\/\/comitati.fisi.org\/veneto\/wp-json\/wp\/v2\/comments?post=30920"}],"version-history":[{"count":3,"href":"https:\/\/comitati.fisi.org\/veneto\/wp-json\/wp\/v2\/posts\/30920\/revisions"}],"predecessor-version":[{"id":30938,"href":"https:\/\/comitati.fisi.org\/veneto\/wp-json\/wp\/v2\/posts\/30920\/revisions\/30938"}],"wp:featuredmedia":[{"embeddable":true,"href":"https:\/\/comitati.fisi.org\/veneto\/wp-json\/wp\/v2\/media\/30921"}],"wp:attachment":[{"href":"https:\/\/comitati.fisi.org\/veneto\/wp-json\/wp\/v2\/media?parent=30920"}],"wp:term":[{"taxonomy":"category","embeddable":true,"href":"https:\/\/comitati.fisi.org\/veneto\/wp-json\/wp\/v2\/categories?post=30920"},{"taxonomy":"post_tag","embeddable":true,"href":"https:\/\/comitati.fisi.org\/veneto\/wp-json\/wp\/v2\/tags?post=30920"}],"curies":[{"name":"wp","href":"https:\/\/api.w.org\/{rel}","templated":true}]}}