{"id":30824,"date":"2026-01-09T18:04:52","date_gmt":"2026-01-09T18:04:52","guid":{"rendered":"https:\/\/comitati.fisi.org\/veneto\/?p=30824"},"modified":"2026-01-09T18:07:50","modified_gmt":"2026-01-09T18:07:50","slug":"fondo-ottavo-posto-per-caterina-milani-in-fesa-cup","status":"publish","type":"post","link":"https:\/\/comitati.fisi.org\/veneto\/blog\/2026\/01\/09\/fondo-ottavo-posto-per-caterina-milani-in-fesa-cup\/","title":{"rendered":"Fondo, ottavo posto per Caterina Milani in Fesa Cup"},"content":{"rendered":"\n<p>Bell&#8217;ottavo posto oggi per Caterina Milani in Fesa Cup. A Seefeld (Austria), il circuito continentale ha proposto una sprint in tecnica classica e la Junior agordina, cresciuta nello Sci club Val Biois e ora tesserata per il Centro sportivo Carabinieri, ha prima ottenuto l&#8217;11 posto in qualifica, poi sfiorato la finale e conquistato l&#8217;ottava piazza. La gara delle Juniores ha visto un podio azzurro grazie a Marie Schwitzer, terza alle spalle della francese Annette Coupat e dell&#8217;elvetica Ilaria Gruber. 22.ma piazza per l&#8217;altra agordina, Vanessa Cagnati (Fiamme Gialle). <\/p>\n\n\n\n<p>Domani le ragazze Juniores sono impegnate in una 10 chilometri in tecnica classica a cronometro mentre domenica dovranno affrontare una 15 chilometri skating con partenza in linea.<\/p>\n\n\n\n<p>Dopo le gare di Fesa Cup di Seefeld, la squadra Junior effettuer\u00e0 un periodo di lavoro a Predazzo (Trento) tra luned\u00ec 12 e gioved\u00ec 15 gennaio.<br>Per il collegiale sono convocati, oltre a Milani e Cagnati, anche Federico Pozzi, Marco Pinzani, Daniel Pedranzini, Luca Pietroboni, Luca Ferrari, Niccol\u00f2 Bianchi, Marta Bellotti e Claire Fruitaz. Il gruppo sar\u00e0 seguito dai tecnici Stefano Corradini e Matteo Betta.<\/p>\n\n\n\n<p><a href=\"https:\/\/www.fis-ski.com\/DB\/general\/event-details.html?sectorcode=CC&amp;eventid=59181&amp;seasoncode=2026\">CLASSIFICHE<\/a><\/p>\n","protected":false},"excerpt":{"rendered":"<p>22.ma Vanessa Cagnati<\/p>\n","protected":false},"author":33,"featured_media":28648,"comment_status":"open","ping_status":"open","sticky":false,"template":"","format":"standard","meta":{"_acf_changed":false,"footnotes":""},"categories":[9,13,14,15,16,3,6],"tags":[313,20,83],"acf":[],"_links":{"self":[{"href":"https:\/\/comitati.fisi.org\/veneto\/wp-json\/wp\/v2\/posts\/30824"}],"collection":[{"href":"https:\/\/comitati.fisi.org\/veneto\/wp-json\/wp\/v2\/posts"}],"about":[{"href":"https:\/\/comitati.fisi.org\/veneto\/wp-json\/wp\/v2\/types\/post"}],"author":[{"embeddable":true,"href":"https:\/\/comitati.fisi.org\/veneto\/wp-json\/wp\/v2\/users\/33"}],"replies":[{"embeddable":true,"href":"https:\/\/comitati.fisi.org\/veneto\/wp-json\/wp\/v2\/comments?post=30824"}],"version-history":[{"count":2,"href":"https:\/\/comitati.fisi.org\/veneto\/wp-json\/wp\/v2\/posts\/30824\/revisions"}],"predecessor-version":[{"id":30826,"href":"https:\/\/comitati.fisi.org\/veneto\/wp-json\/wp\/v2\/posts\/30824\/revisions\/30826"}],"wp:featuredmedia":[{"embeddable":true,"href":"https:\/\/comitati.fisi.org\/veneto\/wp-json\/wp\/v2\/media\/28648"}],"wp:attachment":[{"href":"https:\/\/comitati.fisi.org\/veneto\/wp-json\/wp\/v2\/media?parent=30824"}],"wp:term":[{"taxonomy":"category","embeddable":true,"href":"https:\/\/comitati.fisi.org\/veneto\/wp-json\/wp\/v2\/categories?post=30824"},{"taxonomy":"post_tag","embeddable":true,"href":"https:\/\/comitati.fisi.org\/veneto\/wp-json\/wp\/v2\/tags?post=30824"}],"curies":[{"name":"wp","href":"https:\/\/api.w.org\/{rel}","templated":true}]}}