{"id":30815,"date":"2026-01-09T14:08:19","date_gmt":"2026-01-09T14:08:19","guid":{"rendered":"https:\/\/comitati.fisi.org\/veneto\/?p=30815"},"modified":"2026-01-09T14:18:47","modified_gmt":"2026-01-09T14:18:47","slug":"alpino-5-posto-per-ambra-pomare-nel-gigante-di-coppa-europa-al-sestriere","status":"publish","type":"post","link":"https:\/\/comitati.fisi.org\/veneto\/blog\/2026\/01\/09\/alpino-5-posto-per-ambra-pomare-nel-gigante-di-coppa-europa-al-sestriere\/","title":{"rendered":"Alpino. 5. posto per Ambra Pomar\u00e8 nel gigante di Coppa Europa al Sestriere"},"content":{"rendered":"\n<p>Arriva un 5. posto per Ambra Pomar\u00e8 (nell&#8217;immagine Pentaphoto alla recente gara di Coppa del Mondo a Kranjska Gora) nel gigante di Coppa Europa disputato oggi al Sestriere. Sulla pista piemontese a imporsi \u00e8 stata l&#8217;austriaca Nina Astner con 54 centesimi di vantaggio sulla svizzera Dania Allenbach e con 1&#8243;14 sulla svedese Hilma Loevblom. Quarta, a 1&#8243;26, un&#8217;altra elvetica Simone Wild, e quinta Pomar\u00e8. La ragazza di Cortina, che era terza al termine della prima manche, ha chiuso con un distacco di 1&#8243;59, ex aequo con un&#8217; altra azzurrina, Sophie Mathiou (che era anche lei terza a met\u00e0 gara). Nella classifica generale di Coppa Europa Ambra \u00e8 seconda con 257 punti, alle spalle di Alice Pazzaglia (365). Nella classifica di gigante \u00e8 quarta mentre in quella di slalom 14.ma.<\/p>\n\n\n\n<p><a href=\"https:\/\/www.fis-ski.com\/DB\/general\/event-details.html?sectorcode=AL&amp;eventid=58087&amp;seasoncode=2026\">CLASSIFICA<\/a><\/p>\n","protected":false},"excerpt":{"rendered":"<p>Vittoria dell&#8217;austriaca Nina Astner<\/p>\n","protected":false},"author":33,"featured_media":30816,"comment_status":"open","ping_status":"open","sticky":false,"template":"","format":"standard","meta":{"_acf_changed":false,"footnotes":""},"categories":[9,51,13,14,15,7,274,3,5,19],"tags":[50],"acf":[],"_links":{"self":[{"href":"https:\/\/comitati.fisi.org\/veneto\/wp-json\/wp\/v2\/posts\/30815"}],"collection":[{"href":"https:\/\/comitati.fisi.org\/veneto\/wp-json\/wp\/v2\/posts"}],"about":[{"href":"https:\/\/comitati.fisi.org\/veneto\/wp-json\/wp\/v2\/types\/post"}],"author":[{"embeddable":true,"href":"https:\/\/comitati.fisi.org\/veneto\/wp-json\/wp\/v2\/users\/33"}],"replies":[{"embeddable":true,"href":"https:\/\/comitati.fisi.org\/veneto\/wp-json\/wp\/v2\/comments?post=30815"}],"version-history":[{"count":2,"href":"https:\/\/comitati.fisi.org\/veneto\/wp-json\/wp\/v2\/posts\/30815\/revisions"}],"predecessor-version":[{"id":30819,"href":"https:\/\/comitati.fisi.org\/veneto\/wp-json\/wp\/v2\/posts\/30815\/revisions\/30819"}],"wp:featuredmedia":[{"embeddable":true,"href":"https:\/\/comitati.fisi.org\/veneto\/wp-json\/wp\/v2\/media\/30816"}],"wp:attachment":[{"href":"https:\/\/comitati.fisi.org\/veneto\/wp-json\/wp\/v2\/media?parent=30815"}],"wp:term":[{"taxonomy":"category","embeddable":true,"href":"https:\/\/comitati.fisi.org\/veneto\/wp-json\/wp\/v2\/categories?post=30815"},{"taxonomy":"post_tag","embeddable":true,"href":"https:\/\/comitati.fisi.org\/veneto\/wp-json\/wp\/v2\/tags?post=30815"}],"curies":[{"name":"wp","href":"https:\/\/api.w.org\/{rel}","templated":true}]}}