{"id":30751,"date":"2026-01-06T08:42:26","date_gmt":"2026-01-06T08:42:26","guid":{"rendered":"https:\/\/comitati.fisi.org\/veneto\/?p=30751"},"modified":"2026-01-06T08:44:59","modified_gmt":"2026-01-06T08:44:59","slug":"fondo-il-17-e-18-gennaio-a-falcade-coppa-italia-e-campionati-italiani","status":"publish","type":"post","link":"https:\/\/comitati.fisi.org\/veneto\/blog\/2026\/01\/06\/fondo-il-17-e-18-gennaio-a-falcade-coppa-italia-e-campionati-italiani\/","title":{"rendered":"Fondo, il 17 e 18 gennaio a Falcade Coppa Italia e Campionati Italiani"},"content":{"rendered":"\n<p>Torna a vestirsi di tricolore Falcade. Nella localit\u00e0 agordina ai piedi del Focobon e delle Cime d\u2019Auta, che tanti fondisti ha visto nascere e crescere fino ad arrivare ai vertici italiani e internazionali, il 17 e 18 gennaio prossimi andranno in scena la Coppa Italia Senior e i Campionati italiani Giovani dello sci di fondo. A organizzare la due giorni sar\u00e0 lo Sci club Val Biois, il sodalizio presieduto da Matteo Cagnati che vanta oltre settant\u2019anni di storia che nelle ultime stagioni \u00e8 stato un punto di riferimento importante nell\u2019organizzazione di eventi. Lo scorso anno ha proposto una tre giorni di Fesa Cup, il circuito continentale riservato alle nazioni alpine, negli anni precedenti diverse edizioni di campionati italiani e Coppa Italia.<\/p>\n\n\n\n<p>Tra una decina di giorni, un nuovo impegno organizzativo. Sabato 17 gennaio si svolger\u00e0 una sprint in tecnica classica che sar\u00e0 valida per la Coppa Italia Senior e per la Coppa Italia delle categorie Aspiranti e Juniores. Domenica 18 spazio invece alle gare su distanza (10 chilometri in tecnica classica per tutti, tranne per la categoria Giovani femminile che si confronter\u00e0 sui 7.5 chilometri) che, per quanto riguarda Under 18 e Under 20 assegneranno i titoli nazionali.<\/p>\n\n\n\n<p>Si tratter\u00e0 di un appuntamento di grande rilevanza, non solamente perch\u00e9 si assegneranno i primi \u201cscudetti\u201d della stagione ma anche perch\u00e9 le gare di Falcade serviranno per definire la nazionale azzurra per i Mondiali Juniores di Trondheim (Norvegia) di inizio marzo e anche per definire gli ultimi posti disponibili in vista della composizione della squadra italiana che parteciper\u00e0, in Val di Fiemme, alle Olimpiadi di Milano Cortina 2026.<\/p>\n\n\n\n<p>\u00abSiamo orgogliosi che la federazione di abbia scelto un\u2019altra volta per una manifestazione di alto livello\u00bb dice il presidente dello Sci club Val Biois, Matteo Cagnati. \u00ab\u00c8 una soddisfazione che voglio condividere con tutti i consiglieri dello sci sci club, gli sponsor e i volontari che negli anni hanno lavorato molto e bene, permettendoci di crescere e di diventare un punto di riferimento a livello organizzativo. Per il 17 e 18 gennaio prossimi attendiamo attorno ai trecento atleti: la maggior parte saranno, evidentemente, italiani ma, essendo le gare sotto l\u2019egida della Fis (federazione internazionale dello sci e dello snowboard, ndr) avremo al via anche diversi stranieri. Hanno gi\u00e0 dato la loro adesione atleti di Spagna, Bulgaria, Australia e Brasile. Altri ne attendiamo per i prossimi giorni\u00bb.<\/p>\n\n\n\n<p>\u00abLa pista Pietro Scola \u00e8 pronta\u00bb dice ancora Cagnati. \u00abSono diversi gli atleti, anche di levatura nazionale e internazionale, che in questi giorni sono venuti ad allenarsi da noi, visto che siamo uno dei pochi centri aperti nell\u2019arco alpino. Abbiamo a disposizione un anello di quasi 5 chilometri di piste, contiamo allungarlo ulteriormente nei prossimi giorni anche grazie alle temperature rigide che ci consentono di azionale l\u2019innevamento artificiale. Abbiamo la possibilit\u00e0 di allenamenti anche in notturna: il marted\u00ec e il gioved\u00ec dalle 18 alle 21\u00bb.<\/p>\n\n\n\n<p>nota stampa organizzazione<\/p>\n\n\n\n<p><a href=\"https:\/\/www.fis-ski.com\/DB\/general\/event-details.html?sectorcode=CC&amp;eventid=58918&amp;seasoncode=2026\">PROGRAMMA<\/a><\/p>\n","protected":false},"excerpt":{"rendered":"<p>Organizzazione a cura dello Sci club Val Biois<\/p>\n","protected":false},"author":33,"featured_media":27840,"comment_status":"open","ping_status":"open","sticky":false,"template":"","format":"standard","meta":{"_acf_changed":false,"footnotes":""},"categories":[9,58,24,13,14,15,16,3,6],"tags":[],"acf":[],"_links":{"self":[{"href":"https:\/\/comitati.fisi.org\/veneto\/wp-json\/wp\/v2\/posts\/30751"}],"collection":[{"href":"https:\/\/comitati.fisi.org\/veneto\/wp-json\/wp\/v2\/posts"}],"about":[{"href":"https:\/\/comitati.fisi.org\/veneto\/wp-json\/wp\/v2\/types\/post"}],"author":[{"embeddable":true,"href":"https:\/\/comitati.fisi.org\/veneto\/wp-json\/wp\/v2\/users\/33"}],"replies":[{"embeddable":true,"href":"https:\/\/comitati.fisi.org\/veneto\/wp-json\/wp\/v2\/comments?post=30751"}],"version-history":[{"count":2,"href":"https:\/\/comitati.fisi.org\/veneto\/wp-json\/wp\/v2\/posts\/30751\/revisions"}],"predecessor-version":[{"id":30754,"href":"https:\/\/comitati.fisi.org\/veneto\/wp-json\/wp\/v2\/posts\/30751\/revisions\/30754"}],"wp:featuredmedia":[{"embeddable":true,"href":"https:\/\/comitati.fisi.org\/veneto\/wp-json\/wp\/v2\/media\/27840"}],"wp:attachment":[{"href":"https:\/\/comitati.fisi.org\/veneto\/wp-json\/wp\/v2\/media?parent=30751"}],"wp:term":[{"taxonomy":"category","embeddable":true,"href":"https:\/\/comitati.fisi.org\/veneto\/wp-json\/wp\/v2\/categories?post=30751"},{"taxonomy":"post_tag","embeddable":true,"href":"https:\/\/comitati.fisi.org\/veneto\/wp-json\/wp\/v2\/tags?post=30751"}],"curies":[{"name":"wp","href":"https:\/\/api.w.org\/{rel}","templated":true}]}}